{"id":10707,"date":"2022-06-03T13:24:56","date_gmt":"2022-06-03T11:24:56","guid":{"rendered":"https:\/\/glaube.synology.me\/wordpress\/?p=10707"},"modified":"2022-06-03T13:25:02","modified_gmt":"2022-06-03T11:25:02","slug":"pfingsten-kennen-wir-alle","status":"publish","type":"post","link":"https:\/\/glaube.synology.me\/wordpress\/pfingsten-kennen-wir-alle\/","title":{"rendered":"Pfingsten kennen wir alle ?"},"content":{"rendered":"<span class=\"span-reading-time rt-reading-time\" style=\"display: block;\"><span class=\"rt-label rt-prefix\">Lesezeit:<\/span> <span class=\"rt-time\"> 3<\/span> <span class=\"rt-label rt-postfix\">Minuten<\/span><\/span><div data-object_id=\"10707\" class=\"cbxwpbkmarkwrap cbxwpbkmarkwrap_guest cbxwpbkmarkwrap_user_cat cbxwpbkmarkwrap-post \"><a role=\"button\"  data-redirect-url=\"https:\/\/glaube.synology.me\/wordpress\/wp-json\/wp\/v2\/posts\/10707\"  data-display-label=\"1\" data-show-count=\"1\" data-bookmark-label=\"MERKEN\"  data-bookmarked-label=\"GEMERKT\"  data-loggedin=\"0\" data-type=\"post\" data-object_id=\"10707\" class=\"cbxwpbkmarktrig  cbxwpbkmarktrig-button-addto ld-ext-left\" title=\"Bookmark This\" href=\"#\"><span class=\"cbxwpbkmarktrig-icon\"><\/span><span class=\"ld ld-ring ld-spin\"><\/span><span class=\"cbxwpbkmarktrig-label\" >MERKEN (<i class=\"cbxwpbkmarktrig-count\">0<\/i>)<\/span><\/a> <div  data-type=\"post\" data-object_id=\"10707\" class=\"cbxwpbkmarkguestwrap\" id=\"cbxwpbkmarkguestwrap-10707\"><div class=\"cbxwpbkmarkguest-message\"><div class=\"cbxwpbkmarkguest-message-head\"><span class=\"cbxwpbkmarkguest-message-head-label\">Please login to bookmark<\/span><a class=\"cbxwpbkmarkguesttrig_close\" role=\"button\" title=\"Click to close bookmark panel\/modal\" href=\"#\" ><i class=\"cbx-icon\"><?xml version=\"1.0\" encoding=\"utf-8\"?>\n<svg xmlns=\"http:\/\/www.w3.org\/2000\/svg\" viewBox=\"0 0 24 24\" fill=\"none\" stroke=\"currentColor\" stroke-width=\"2\" stroke-linecap=\"round\" stroke-linejoin=\"round\"><line x1=\"18\" y1=\"6\" x2=\"6\" y2=\"18\"><\/line><line x1=\"6\" y1=\"6\" x2=\"18\" y2=\"18\"><\/line><\/svg><\/i><i class=\"sr-only\">Close<\/i><\/a><\/div><div class=\"cbxwpbkmarkguest-content\">\n<div class=\"cbx-chota\"><div class=\"container\"><div class=\"row\"><div class=\"col-12\"><div class=\"cbx-guest-wrap cbxwpbookmark-guest-wrap\"><div class=\"cbx-guest-login-wrap cbxwpbookmark-guest-login-wrap\"><form name=\"loginform\" id=\"loginform\" action=\"https:\/\/glaube.synology.me\/wordpress\/wp-login.php\" method=\"post\"><p class=\"login-username\">\n\t\t\t\t<label for=\"user_login\">Benutzername oder E-Mail-Adresse<\/label>\n\t\t\t\t<input type=\"text\" name=\"log\" id=\"user_login\" autocomplete=\"username\" class=\"input\" value=\"\" size=\"20\" \/>\n\t\t\t<\/p><p class=\"login-password\">\n\t\t\t\t<label for=\"user_pass\">Passwort<\/label>\n\t\t\t\t<input type=\"password\" name=\"pwd\" id=\"user_pass\" autocomplete=\"current-password\" spellcheck=\"false\" class=\"input\" value=\"\" size=\"20\" \/>\n\t\t\t<\/p><p class=\"login-remember\"><label><input name=\"rememberme\" type=\"checkbox\" id=\"rememberme\" value=\"forever\" \/> Angemeldet bleiben<\/label><\/p><p class=\"login-submit\">\n\t\t\t\t<input type=\"submit\" name=\"wp-submit\" id=\"wp-submit\" class=\"button button-primary\" value=\"Anmelden\" \/>\n\t\t\t\t<input type=\"hidden\" name=\"redirect_to\" value=\"https:\/\/glaube.synology.me\/wordpress\/wp-json\/wp\/v2\/posts\/10707\" \/>\n\t\t\t<\/p><\/form><\/div><\/div><\/div><\/div><\/div><\/div><\/div><\/div><\/div><\/div>\n<h1 class=\"wp-block-heading\"><strong>Jeder zweite Deutsche wei\u00df nicht, was Pfingsten bedeutet !<\/strong><\/h1>\n\n\n\n<p class=\"wp-block-paragraph\">Pfingsten kennen wir alle. Denn wir haben schul- und arbeitsfrei. Aber nur die H\u00e4lfte der deutschen B\u00fcrger wei\u00df, was \u201ehinter\u201c Pfingsten steht. Wirklich ein Armutszeugnis. Wei\u00dft Du, warum es Pfingsten gibt?<\/p>\n\n\n\n<h2 class=\"wp-block-heading\">Unwissenheit \u00fcber die Bedeutung von Pfingsten!<\/h2>\n\n\n\n<p class=\"wp-block-paragraph\">Jeder zweite Deutsche wei\u00df nicht, was an Pfingsten gefeiert wird. Zu diesem Ergebnis kommt eine repr\u00e4sentative Umfrage. 16% glauben, dass an Pfingsten Jesus auferstanden sei, 10% setzen das Fest mit Maria Himmelfahrt gleich und 3% ordnen Pfingsten die Kreuzigung Jesu zu. 23% gaben sich in der Emnid-Umfrage v\u00f6llig ahnungslos.Nur 48% wussten, dass den J\u00fcngern laut dem Neuen Testament an diesem Tag der Heilige Geist gesandt wurde. Sie konnten in mehreren Sprachen sprechen und erkannten den Missionsauftrag Jesu Christi, das Evangelium zu verbreiten.<\/p>\n\n\n\n<h2 class=\"wp-block-heading\">Die Bibel und Pfingsten<\/h2>\n\n\n\n<p class=\"wp-block-paragraph\">Was sagt die Bibel zu dem ersten Pfingstfest nach dem Tod, der Auferstehung und der Himmelfahrt von Jesus Christus? <\/p>\n\n\n\n<p class=\"has-theme-palette-7-background-color has-background wp-block-paragraph\"><strong>\u201eUnd als der Tag der Pfingsten erf\u00fcllt wurde, waren sie alle an einem Ort beisammen. Und pl\u00f6tzlich kam aus dem Himmel ein Brausen, wie von einem daherfahrenden, gewaltigen Wind, und erf\u00fcllte das ganze Haus, wo sie sa\u00dfen. Und es erschienen ihnen zerteilte Zungen wie von Feuer, und sie setzten sich auf jeden einzelnen von ihnen. Und sie wurden alle mit Heiligem Geist erf\u00fcllt\u201c<\/strong> (Apostelgeschichte 2:1-4).<\/p>\n\n\n\n<p class=\"wp-block-paragraph\">Pfingsten ist ein typisch christliches Ereignis. Genau so stimmt das nat\u00fcrlich nicht. Denn Pfingsten \u2013 vom griechischen Wort Pentekoste \u2013 gab es schon in Israel. Aus\u00a0<a href=\"https:\/\/www.schlachterbibel.de\/de\/bibel\/3_mose\/23\/\" target=\"_blank\" data-type=\"URL\" data-id=\"https:\/\/www.schlachterbibel.de\/de\/bibel\/3_mose\/23\/\" rel=\"noreferrer noopener nofollow\">3. Mose 23<\/a>\u00a0wissen wir, dass es sich um das <strong>\u201eFest der Wochen\u201c<\/strong> handelt, das sieben Wochen nach dem Passahfest und dem Fest der Erstlingsgabe gefeiert wurde.<\/p>\n\n\n\n<h2 class=\"wp-block-heading\">Pfingsten \u2013 nur ein j\u00fcdisches Fest?<\/h2>\n\n\n\n<p class=\"wp-block-paragraph\">Aber dieses Fest der Wochen war nicht einfach ein j\u00fcdisches Fest. Genauso, wie die Opfer in\u00a0<a href=\"https:\/\/www.schlachterbibel.de\/de\/bibel\/3_mose\/1\/\" target=\"_blank\" data-type=\"URL\" data-id=\"https:\/\/www.schlachterbibel.de\/de\/bibel\/3_mose\/1\/\" rel=\"noreferrer noopener nofollow\">3. Mose 1-7<\/a>\u00a0auf DAS Opfer des Herrn Jesus Christus hinweisen \u2013 in Ihm also die Erf\u00fcllung fanden \u2013 weist das Pfingstfest auf dieses Ereignis hin, dass 50 Tage (oder sieben Wochen) nach der Auferstehung des Herrn Jesus stattgefunden hat.<\/p>\n\n\n\n<p class=\"wp-block-paragraph\">Und warum ist dieses Ereignis f\u00fcr uns Christen so wesentlich? Weil sich ab diesem Zeitpunkt die gro\u00dfe Segnung f\u00fcr Christen erf\u00fcllt: dass eine g\u00f6ttliche Person auf der Erde ist \u2013 Gott, der Heilige Geist \u2013 w\u00e4hrend der Mensch Jesus Christus verherrlicht zur Rechten Gottes im Himmel thront. So sind wir mit dem Himmel verbunden und durch den Heiligen Geist hier auf der Erde gesegnet.<\/p>\n\n\n\n<h2 class=\"wp-block-heading\">Pfingsten \u2013 ein gewaltiger Segen!<\/h2>\n\n\n\n<p class=\"wp-block-paragraph\">Wir untersch\u00e4tzen die Wichtigkeit des Segens, der mit dieser g\u00f6ttlichen Person verbunden ist. Sie ist nicht nur eine Kraft, sie ist eine Person. Gott, der Heilige Geist. Er wohnt seit Pfingsten ganz pers\u00f6nlich in jedem Gl\u00e4ubigen (1. Korinther 6:19) und in der Versammlung (Gemeinde, Kirche) Gottes insgesamt (1. Korintherbrief 3:16).Der Geist Gottes ist es, der uns das Wort Gottes verst\u00e4ndlich macht (Johannes 16:13). <\/p>\n\n\n\n<p class=\"wp-block-paragraph\">Ohne Ihn w\u00fcrden wir \u00fcberhaupt nichts verstehen! Er ist es, der uns die Person des Herrn Jesus vorstellt und wertvoll macht (Johannes 16:14). Es ist der Geist Gottes, der uns Heilsgewissheit gibt (2. Korinther 1:22). Nur durch den Geist Gottes haben wir ein Verst\u00e4ndnis von den Dingen, die Gott uns geschenkt hat. Und nur durch Ihn sind wir in der Lage, vor b\u00f6sen Menschen, b\u00f6sen Lehren und dem Teufel bewahrt zu werden (1. Johannes 2:20-27). Durch den Heiligen Geist sind wir sicher, dass wir das ewige Leben \u2013 dessen vollen Genuss \u2013 im Himmel haben werden (2. Korinther 5:5). Und Er gibt uns die Gewissheit, dass wir im 1000j\u00e4hrigen Reich ein gewaltiges Erbe antreten d\u00fcrfen (Epheser 1:13).Und es ist der Geist Gottes, der Geist Jesu, der uns im tagt\u00e4glichen Leben durch das Wort Gottes f\u00fchrt, leitet, damit wir den richtigen Weg, den Weg des Herrn, gehen (Apostelgeschichte 16:6-10).<\/p>\n\n\n\n<h2 class=\"wp-block-heading\">Pfingsten \u2013 ein Grund f\u00fcr Dankbarkeit!<\/h2>\n\n\n\n<p class=\"wp-block-paragraph\">Wie oft wir wohl schon (oder nicht) gedankt haben f\u00fcr dieses gewaltige Geschenk Gottes \u2013 Gott selbst?<\/p>\n\n\n\n<p class=\"wp-block-paragraph\">Herkunft: bibelpraxis.de<\/p>\n\n\n\n<div class=\"wp-block-group is-layout-flow wp-block-group-is-layout-flow\">\n<div class=\"wp-block-buttons is-layout-flex wp-block-buttons-is-layout-flex\">\n<div class=\"wp-block-button\"><a class=\"wp-block-button__link has-black-background-color has-text-color has-background wp-element-button\" href=\"https:\/\/glaube.synology.me\/wordpress\/\" style=\"color:#faeb00\">Zur\u00fcck zur Startseite<\/a><\/div>\n<\/div>\n\n\n\n<hr class=\"wp-block-separator has-css-opacity is-style-wide\"\/>\n<\/div>\n\n\n\n<p class=\"wp-block-paragraph\"><\/p>\n\n\n\n<div class=\"wp-block-group is-layout-flow wp-block-group-is-layout-flow\">\n<div class=\"wp-block-buttons is-layout-flex wp-block-buttons-is-layout-flex\">\n<div class=\"wp-block-button\"><a class=\"wp-block-button__link has-black-background-color has-text-color has-background wp-element-button\" href=\"https:\/\/glaube.synology.me\/wordpress\/\" style=\"color:#faeb00\">Zur\u00fcck zur Startseite<\/a><\/div>\n<\/div>\n\n\n\n<hr class=\"wp-block-separator has-css-opacity is-style-wide\"\/>\n<\/div>\n\n\n\n<p class=\"wp-block-paragraph\"><\/p>\n\n\n\n<p class=\"wp-block-paragraph\"><div class=\"content-column-aside\" style=\"box-sizing: border-box; -webkit-box-flex: 0; flex: 0 0 400px; padding-right: 15px; padding-left: 15px; color: rgb(68, 68, 68); font-family: &quot;Open Sans&quot;, sans-serif; font-size: 16px; white-space: normal; background-color: rgb(246, 246, 246);\"><\/p>\n","protected":false},"excerpt":{"rendered":"<div data-object_id=\"10707\" class=\"cbxwpbkmarkwrap cbxwpbkmarkwrap_guest cbxwpbkmarkwrap_user_cat cbxwpbkmarkwrap-post \"><a role=\"button\"  data-redirect-url=\"https:\/\/glaube.synology.me\/wordpress\/wp-json\/wp\/v2\/posts\/10707\"  data-display-label=\"1\" data-show-count=\"1\" data-bookmark-label=\"MERKEN\"  data-bookmarked-label=\"GEMERKT\"  data-loggedin=\"0\" data-type=\"post\" data-object_id=\"10707\" class=\"cbxwpbkmarktrig  cbxwpbkmarktrig-button-addto ld-ext-left\" title=\"Bookmark This\" href=\"#\"><span class=\"cbxwpbkmarktrig-icon\"><\/span><span class=\"ld ld-ring ld-spin\"><\/span><span class=\"cbxwpbkmarktrig-label\" >MERKEN (<i class=\"cbxwpbkmarktrig-count\">0<\/i>)<\/span><\/a> <div  data-type=\"post\" data-object_id=\"10707\" class=\"cbxwpbkmarkguestwrap\" id=\"cbxwpbkmarkguestwrap-10707\"><div class=\"cbxwpbkmarkguest-message\"><div class=\"cbxwpbkmarkguest-message-head\"><span class=\"cbxwpbkmarkguest-message-head-label\">Please login to bookmark<\/span><a class=\"cbxwpbkmarkguesttrig_close\" role=\"button\" title=\"Click to close bookmark panel\/modal\" href=\"#\" ><i class=\"cbx-icon\"><?xml version=\"1.0\" encoding=\"utf-8\"?>\n<svg xmlns=\"http:\/\/www.w3.org\/2000\/svg\" viewBox=\"0 0 24 24\" fill=\"none\" stroke=\"currentColor\" stroke-width=\"2\" stroke-linecap=\"round\" stroke-linejoin=\"round\"><line x1=\"18\" y1=\"6\" x2=\"6\" y2=\"18\"><\/line><line x1=\"6\" y1=\"6\" x2=\"18\" y2=\"18\"><\/line><\/svg><\/i><i class=\"sr-only\">Close<\/i><\/a><\/div><div class=\"cbxwpbkmarkguest-content\">\n<div class=\"cbx-chota\"><div class=\"container\"><div class=\"row\"><div class=\"col-12\"><div class=\"cbx-guest-wrap cbxwpbookmark-guest-wrap\"><div class=\"cbx-guest-login-wrap cbxwpbookmark-guest-login-wrap\"><form name=\"loginform\" id=\"loginform\" action=\"https:\/\/glaube.synology.me\/wordpress\/wp-login.php\" method=\"post\"><p class=\"login-username\">\n\t\t\t\t<label for=\"user_login\">Benutzername oder E-Mail-Adresse<\/label>\n\t\t\t\t<input type=\"text\" name=\"log\" id=\"user_login\" autocomplete=\"username\" class=\"input\" value=\"\" size=\"20\" \/>\n\t\t\t<\/p><p class=\"login-password\">\n\t\t\t\t<label for=\"user_pass\">Passwort<\/label>\n\t\t\t\t<input type=\"password\" name=\"pwd\" id=\"user_pass\" autocomplete=\"current-password\" spellcheck=\"false\" class=\"input\" value=\"\" size=\"20\" \/>\n\t\t\t<\/p><p class=\"login-remember\"><label><input name=\"rememberme\" type=\"checkbox\" id=\"rememberme\" value=\"forever\" \/> Angemeldet bleiben<\/label><\/p><p class=\"login-submit\">\n\t\t\t\t<input type=\"submit\" name=\"wp-submit\" id=\"wp-submit\" class=\"button button-primary\" value=\"Anmelden\" \/>\n\t\t\t\t<input type=\"hidden\" name=\"redirect_to\" value=\"https:\/\/glaube.synology.me\/wordpress\/wp-json\/wp\/v2\/posts\/10707\" \/>\n\t\t\t<\/p><\/form><\/div><\/div><\/div><\/div><\/div><\/div><\/div><\/div><\/div><\/div><p><span class=\"span-reading-time rt-reading-time\" style=\"display: block;\"><span class=\"rt-label rt-prefix\">Lesezeit:<\/span> <span class=\"rt-time\"> 3<\/span> <span class=\"rt-label rt-postfix\">Minuten<\/span><\/span>Wie oft wir wohl schon (oder nicht) gedankt haben f\u00fcr dieses gewaltige Geschenk Gottes \u2013 Gott selbst?<\/p>\n","protected":false},"author":1,"featured_media":10709,"comment_status":"open","ping_status":"closed","sticky":false,"template":"","format":"standard","meta":{"_crdt_document":"","pgc_sgb_lightbox_settings":"","_themeisle_gutenberg_block_has_review":false,"_kad_post_transparent":"","_kad_post_title":"","_kad_post_layout":"","_kad_post_sidebar_id":"","_kad_post_content_style":"","_kad_post_vertical_padding":"","_kad_post_feature":"","_kad_post_feature_position":"","_kad_post_header":false,"_kad_post_footer":false,"footnotes":""},"categories":[1,8],"tags":[36,44,2,51,76,19,573],"class_list":["post-10707","post","type-post","status-publish","format-standard","has-post-thumbnail","hentry","category-allgemein","category-andachten","tag-apostelgeschichte","tag-epheser","tag-jesus","tag-johannes","tag-korinther","tag-mose","tag-pfingsten"],"_links":{"self":[{"href":"https:\/\/glaube.synology.me\/wordpress\/wp-json\/wp\/v2\/posts\/10707","targetHints":{"allow":["GET"]}}],"collection":[{"href":"https:\/\/glaube.synology.me\/wordpress\/wp-json\/wp\/v2\/posts"}],"about":[{"href":"https:\/\/glaube.synology.me\/wordpress\/wp-json\/wp\/v2\/types\/post"}],"author":[{"embeddable":true,"href":"https:\/\/glaube.synology.me\/wordpress\/wp-json\/wp\/v2\/users\/1"}],"replies":[{"embeddable":true,"href":"https:\/\/glaube.synology.me\/wordpress\/wp-json\/wp\/v2\/comments?post=10707"}],"version-history":[{"count":0,"href":"https:\/\/glaube.synology.me\/wordpress\/wp-json\/wp\/v2\/posts\/10707\/revisions"}],"wp:featuredmedia":[{"embeddable":true,"href":"https:\/\/glaube.synology.me\/wordpress\/wp-json\/wp\/v2\/media\/10709"}],"wp:attachment":[{"href":"https:\/\/glaube.synology.me\/wordpress\/wp-json\/wp\/v2\/media?parent=10707"}],"wp:term":[{"taxonomy":"category","embeddable":true,"href":"https:\/\/glaube.synology.me\/wordpress\/wp-json\/wp\/v2\/categories?post=10707"},{"taxonomy":"post_tag","embeddable":true,"href":"https:\/\/glaube.synology.me\/wordpress\/wp-json\/wp\/v2\/tags?post=10707"}],"curies":[{"name":"wp","href":"https:\/\/api.w.org\/{rel}","templated":true}]}}