{"id":10904,"date":"2022-06-16T18:20:50","date_gmt":"2022-06-16T16:20:50","guid":{"rendered":"https:\/\/glaube.synology.me\/wordpress\/?p=10904"},"modified":"2022-06-16T18:20:59","modified_gmt":"2022-06-16T16:20:59","slug":"was-ist-wahr","status":"publish","type":"post","link":"https:\/\/glaube.synology.me\/wordpress\/was-ist-wahr\/","title":{"rendered":"Was ist wahr ?"},"content":{"rendered":"<span class=\"span-reading-time rt-reading-time\" style=\"display: block;\"><span class=\"rt-label rt-prefix\">Lesezeit:<\/span> <span class=\"rt-time\"> 5<\/span> <span class=\"rt-label rt-postfix\">Minuten<\/span><\/span><div data-object_id=\"10904\" class=\"cbxwpbkmarkwrap cbxwpbkmarkwrap_guest cbxwpbkmarkwrap_user_cat cbxwpbkmarkwrap-post \"><a role=\"button\"  data-redirect-url=\"https:\/\/glaube.synology.me\/wordpress\/wp-json\/wp\/v2\/posts\/10904\"  data-display-label=\"1\" data-show-count=\"1\" data-bookmark-label=\"MERKEN\"  data-bookmarked-label=\"GEMERKT\"  data-loggedin=\"0\" data-type=\"post\" data-object_id=\"10904\" class=\"cbxwpbkmarktrig  cbxwpbkmarktrig-button-addto ld-ext-left\" title=\"Bookmark This\" href=\"#\"><span class=\"cbxwpbkmarktrig-icon\"><\/span><span class=\"ld ld-ring ld-spin\"><\/span><span class=\"cbxwpbkmarktrig-label\" >MERKEN (<i class=\"cbxwpbkmarktrig-count\">0<\/i>)<\/span><\/a> <div  data-type=\"post\" data-object_id=\"10904\" class=\"cbxwpbkmarkguestwrap\" id=\"cbxwpbkmarkguestwrap-10904\"><div class=\"cbxwpbkmarkguest-message\"><div class=\"cbxwpbkmarkguest-message-head\"><span class=\"cbxwpbkmarkguest-message-head-label\">Please login to bookmark<\/span><a class=\"cbxwpbkmarkguesttrig_close\" role=\"button\" title=\"Click to close bookmark panel\/modal\" href=\"#\" ><i class=\"cbx-icon\"><?xml version=\"1.0\" encoding=\"utf-8\"?>\n<svg xmlns=\"http:\/\/www.w3.org\/2000\/svg\" viewBox=\"0 0 24 24\" fill=\"none\" stroke=\"currentColor\" stroke-width=\"2\" stroke-linecap=\"round\" stroke-linejoin=\"round\"><line x1=\"18\" y1=\"6\" x2=\"6\" y2=\"18\"><\/line><line x1=\"6\" y1=\"6\" x2=\"18\" y2=\"18\"><\/line><\/svg><\/i><i class=\"sr-only\">Close<\/i><\/a><\/div><div class=\"cbxwpbkmarkguest-content\">\n<div class=\"cbx-chota\"><div class=\"container\"><div class=\"row\"><div class=\"col-12\"><div class=\"cbx-guest-wrap cbxwpbookmark-guest-wrap\"><div class=\"cbx-guest-login-wrap cbxwpbookmark-guest-login-wrap\"><form name=\"loginform\" id=\"loginform\" action=\"https:\/\/glaube.synology.me\/wordpress\/wp-login.php\" method=\"post\"><p class=\"login-username\">\n\t\t\t\t<label for=\"user_login\">Benutzername oder E-Mail-Adresse<\/label>\n\t\t\t\t<input type=\"text\" name=\"log\" id=\"user_login\" autocomplete=\"username\" class=\"input\" value=\"\" size=\"20\" \/>\n\t\t\t<\/p><p class=\"login-password\">\n\t\t\t\t<label for=\"user_pass\">Passwort<\/label>\n\t\t\t\t<input type=\"password\" name=\"pwd\" id=\"user_pass\" autocomplete=\"current-password\" spellcheck=\"false\" class=\"input\" value=\"\" size=\"20\" \/>\n\t\t\t<\/p><p class=\"login-remember\"><label><input name=\"rememberme\" type=\"checkbox\" id=\"rememberme\" value=\"forever\" \/> Angemeldet bleiben<\/label><\/p><p class=\"login-submit\">\n\t\t\t\t<input type=\"submit\" name=\"wp-submit\" id=\"wp-submit\" class=\"button button-primary\" value=\"Anmelden\" \/>\n\t\t\t\t<input type=\"hidden\" name=\"redirect_to\" value=\"https:\/\/glaube.synology.me\/wordpress\/wp-json\/wp\/v2\/posts\/10904\" \/>\n\t\t\t<\/p><\/form><\/div><\/div><\/div><\/div><\/div><\/div><\/div><\/div><\/div><\/div>\n<h1 class=\"wp-block-heading\">Was ist Wahrheit?<\/h1>\n\n\n\n<p class=\"wp-block-paragraph\"><strong>\u201eWas ist Wahrheit?\u201c<\/strong> (Johannes 18:38), lautete die Frage, die einst Pilatus stellte, als ihm kein Geringer gegen\u00fcberstand, als jener, der \u00fcber sich selbst gesagt hatte: <strong>\u201eIch bin der Weg und die Wahrheit und das Leben; niemand kommt zum Vater denn durch mich\u201c<\/strong> (Johannes 14:6), und das war Jesus Christus. Diese Frage hat weder etwas an ihrer Bedeutung noch an ihrer Aktualit\u00e4t verloren. Im Gegenteil, in der aktuellen Berichterstattung Rund um die Krisen seit 2021 und die damit verbunden Ma\u00dfnahmen, stellt sich genau diese Frage:<strong> \u201eWas ist Wahrheit?\u201c<\/strong><\/p>\n\n\n\n<p class=\"wp-block-paragraph\">Wenn es nach den Leitmedien geht ist diese Frage recht schnell gekl\u00e4rt: Wahrheit ist, was uns ARD und ZDF berichten und um hier ja keinen Zweifel aufkommen zu lassen, werden all jene, die sich eine abweichende Meinungen erlauben, entweder als rechte Hetzer oder als Verschw\u00f6rungstheoretiker abgestempelt. Dies ist umso paradoxer wenn man bedenkt, dass es wohl selten eine Zeitepoche gab, in der so viel von Toleranz gesprochen wurde, wie in unseren Tagen.<\/p>\n\n\n\n<p class=\"wp-block-paragraph\">Ja, man kann hierzulande so ziemlich alles tolerieren, nur Bittesch\u00f6n kein eigenst\u00e4ndiges Denken. Was das Volk zu denken hat, hat gef\u00e4lligst dem zu entsprechen, was uns der politisch korrekte Mainstream vorgibt. Wie traurig ist es, dass sich die sogenannte \u201evierte Gewalt\u201c im Staat l\u00e4ngst davon verabschiedest hat, politische Entscheidungen kritisch zu hinterfragen. Im Gegenteil, anstatt auch nur einen Hauch von Kritik zu \u00fcben, sieht man sich offensichtlich dazu berufen, den etablierten Parteien den R\u00fccken zu st\u00e4rken.<\/p>\n\n\n\n<p class=\"wp-block-paragraph\">Wer das in der Vergangenheit noch nicht wahrgenommen hat, sollte sp\u00e4testens jetzt bemerkt haben, dass hier etwas gewaltig aus dem Ruder gelaufen ist. Wie gesagt, wir h\u00f6ren zwar immer sehr viel \u00fcber Toleranz, aber toleriert wird nur noch das Meinungsbild, das uns die Leitmedien vorgeben. Wer auch immer eine abweichende Meinung vertritt, wird regelrecht zerlegt und diffamiert. Anstatt sich auf sachlicher Ebene, also inhaltlich mit kritischen Gegenstimmen auseinanderzusetzen, l\u00e4uft es wie immer: Jeder, der es in der \u00d6ffentlichkeit wagt, eine kritische Stimme zu erheben und sei er auch fachlich noch so kompetent, wird durch das Totschlagargument, ein \u201eVerschw\u00f6rungstheoretiker\u201c zu sein, mundtot gemacht.<\/p>\n\n\n\n<p class=\"wp-block-paragraph\">Dem entsprechend ist auch der Umgang mit dem vertraulichen Dokument, aus dem Bundesinnenministerium, aus welchem hervorgeht, dass die politischen Ma\u00dfnahmen, die beschlossen wurden, mittlerweile schlimmer seien als das Problem worauf sich die Ma\u00dfnahmen gr\u00fcnden. Im selben Papier wird auch kritisiert, dass es kein Kontrollinstrument zur Beurteilung der Verh\u00e4ltnism\u00e4\u00dfigkeit der Ma\u00dfnahmen gibt. Obwohl sogar von einem Fehlalarm die Rede ist und sich das Dokument auf die Meinungen von renommierten \u00c4rzten und Wissenschaftlern st\u00fctz, ist dieses Papier den Leitmedien nicht mehr wert, als es schnell in die Schublade \u201eVerschw\u00f6rungstheorie\u201c zu stecken.<\/p>\n\n\n\n<p class=\"wp-block-paragraph\">Ebenso verfahren die selbsternannten \u201eH\u00fcter der Wahrheit\u201c mit jenen Menschen, die sich an den Protesten gegen die Ma\u00dfnahmen beteiligen. Auf die Bedenken, die ge\u00e4u\u00dfert werden, geht man nur insofern ein, dass man vor Extremismus warnt und in den Protestierenden nicht nur eine Gefahr f\u00fcr die Demokratie, sondern auch f\u00fcr die Gesundheit sieht. Da gibt es dann eben die Guten, das sind jene, die der Politik und dem Mainstream blind folgen und die B\u00f6sen, das sind jene, denen Ungereimtheiten und Widerspr\u00fcche auffallen. Unterschwellig ist dies schon seit l\u00e4ngerem zu beobachten, doch durch die ganzen Krisen ist es so offensichtlich, dass man schon bewusst die Augen vor der Realit\u00e4t verschlie\u00dfen muss, um dies zu \u00fcbersehen.<\/p>\n\n\n\n<p class=\"wp-block-paragraph\">Nat\u00fcrlich ist es im Allgemeinen immer einfacher mit dem Strom zu schwimmen und alles Sch\u00f6nzureden, darin sind auch weite Teile der Kirche schon sehr ge\u00fcbt (siehe aktuelles Beispiel: Olaf Latzel). Auf gar keinen Fall unangenehme Themen aufgreifen, ja kein hei\u00dfes Eisen anfassen, immer sch\u00f6n das F\u00e4hnchen in den Wind halten und mit dem Zeitgeist gehen. Doch der Zeitgeist ist eben der Geist der Welt und \u00fcber diesen hat Jesus gesagt, dass er ein L\u00fcgner sei von Anfang an.<\/p>\n\n\n\n<p class=\"wp-block-paragraph\">Wenn wir zudem bedenken, dass wir in der Endzeit leben und uns die Heilige Schrift dieses Zeitalter als eine Epoche beschrieben hat, die in einem noch nie dagewesenen Ma\u00dfe von Verf\u00fchrung gekennzeichnet sein wird, wo k\u00f6nnen wir dann noch Orientierung finden, wenn nicht in dem Wort, das uns all diese Entwicklungen lange im Voraus prophezeit hat? (vgl. 2. Petrus 1:19). Dem Wort, das uns den vom Vater gesandten Erl\u00f6ser bezeugt, der von sich selbst sagt: <strong>\u201eIch bin der Weg und die Wahrheit und das Leben; niemand kommt zum Vater denn durch mich\u201c<\/strong> (Johannes 14:6).<\/p>\n\n\n\n<p class=\"wp-block-paragraph\">Die Kriesen, Spaltungen, Kriege, Hunger und schlimmen Ereignisse, ja sogar ein nahender Atomkrieg, all dieses was Anfang 2021 begann, f\u00fchrt der Welt in aller Eindringlichkeit ihre Hilflosigkeit vor Augen. <\/p>\n\n\n\n<p class=\"has-text-align-center has-theme-palette-9-color has-theme-palette-2-background-color has-text-color has-background wp-block-paragraph\"><strong>Mehr als alles, was wir in den letzten Jahren zuvor erlebt haben, zeigt uns die damit verbundene Panik, wie sehr der Mensch von Gott abh\u00e4ngig ist.<\/strong><\/p>\n\n\n\n<p class=\"wp-block-paragraph\"><strong>Doch anstatt dies wahrzunehmen und umzukehren (zur\u00fcck zu den g\u00f6ttlichen Ordnungen, die man mit Stolz verworfen hat) richtet man durch den \u00fcbereifrigen Aktionismus, nach dem Motto \u201ewir schaffen das\u201c, noch mehr Schaden an, als durch die jeweiligen Ereignisse allein verursacht worden w\u00e4ren.<\/strong><\/p>\n\n\n\n<p class=\"wp-block-paragraph\">Treffend hat es jemand formuliert: Es trifft auf Gesellschaften, die sich ohne geistlichen Kompass in der Orientierungslosigkeit verlaufen und in \u00c4ngsten verfangen haben. Die zugleich aber glauben, die Dinge im Griff zu haben, keiner Rettung zu bed\u00fcrfen, selber Weltenretter sein zu k\u00f6nnen. Wer den heiligen Respekt vor dem liebenden und gerechten Sch\u00f6pfer \u2013 die Bibel nennt das Gottesfurcht \u2013 in Hochmut zur\u00fcckweist, der f\u00e4llt irrationalen \u00c4ngsten anheim.<\/p>\n\n\n\n<p class=\"wp-block-paragraph\">Auf keinen Fall behaupte ich nicht, dass jede Verschw\u00f6rungstheorie berechtigt ist, aber ich stelle in Frage, ob alles, was der Mainstream als Verschw\u00f6rung bezeichnet, wirklich Verschw\u00f6rung ist. Dies zumal auch jene als gef\u00e4hrliche Verschw\u00f6rungstheoretiker abgestempelt werden, die in dem Ganzen nicht nur eine willk\u00fcrliche Laune der Natur sehen, sondern es als ein eindringliches Reden Gottes verstehen (vgl. Jesaja 8:12).<\/p>\n\n\n\n<p class=\"wp-block-paragraph\">Und all jenen Christen, die immer noch nicht wahrhaben wollen, dass Gott auch der Herr \u00fcber ein Virus ist, denen sage nicht ich, sondern Gottes Wort: <strong>\u201eSeht nun, dass ich\u2019s allein bin und ist kein Gott neben mir! Ich kann t\u00f6ten und lebendig machen, ich kann schlagen und kann heilen, und niemand ist da, der aus meiner Hand errettet<\/strong> (5. Mose 32:39). <\/p>\n\n\n\n<p class=\"wp-block-paragraph\">Das bedeutet nicht, dass diejenigen, die an einer Krankheit versterben schlimmere S\u00fcnder seien, als die \u00fcbrigen, sondern vielmehr gilt das, was Jesus gesagt hat: <strong>Ich sage euch: Nein; sondern wenn ihr nicht Bu\u00dfe tut, werdet ihr alle ebenso umkommen<\/strong> (Lukas 13:3-5).<\/p>\n\n\n\n<p class=\"wp-block-paragraph\">Jesus sagte das in Bezug auf zwei Katastrophen, die damals in aller Munde waren. Damit macht Jesus deutlich, dass wir in Bezug auf die Opfer einer Katastrophe nicht fragen sollten, aufgrund welcher S\u00fcnde sie von dieser getroffen wurden, sondern vielmehr, warum wir noch am Leben sind. Der einzige Grund daf\u00fcr ist Gottes unverdiente Gnade. Jeder Tag unseres Lebens, jeder Atemzug ist ein Geschenk von IHM, doch anstatt wir IHM daf\u00fcr dankbar sind, Ihm die Ehre geben und nach Ihm fragen, sehen wir nicht ein, dass wir in Seiner Schuld stehen, sondern reden uns ein, Er sei uns etwas schuldig.<\/p>\n\n\n\n<p class=\"wp-block-paragraph\">Genau das ist das menschliche Dilemma seit dem S\u00fcndenfall. Die Bibel macht n\u00e4mlich eines sehr deutlich, sie zeigt uns, dass sich die Menschheit von Gott abgewandt hat. Der Mensch hat seinem eigenen Sch\u00f6pfer den R\u00fccken zugekehrt. Anstatt sich irgendetwas von Gott sagen zu lassen, hat er die g\u00f6ttlichen Ordnungen und Gebote verworfen und will lieber selbstbestimmt und unabh\u00e4ngig von Gott leben. Dass dies letztlich nur zu einer gro\u00dfen Katastrophe f\u00fchren kann, macht nicht nur die Bibel \u00fcberaus deutlich, sondern zeigt auch ein R\u00fcckblick in die Menschheitsgeschichte.<\/p>\n\n\n\n<p class=\"wp-block-paragraph\">Doch das Wort Gottes bleibt nicht nur bei dieser ern\u00fcchternden Diagnose stehen, sondern zeigt uns auch einen Ausweg. Gott, in Seiner gro\u00dfen, unbegreiflichen Liebe, hat Seinen geliebten Sohn auf diese Welt gesandt, als Erl\u00f6ser einer verlorenen Menschheit. Daher gelten auch heute noch die Worte aus Apostelgeschichte 17:30-31: <strong>Jetzt aber gebietet er (Gott) allen Menschen \u00fcberall, Bu\u00dfe zu tun. Denn er hat einen Tag festgesetzt, an dem er richten will den Erdkreis mit Gerechtigkeit durch einen Mann (Jesus Christus), den er dazu bestimmt hat, und hat jedermann den Glauben angeboten, indem er ihn von den Toten auferweckt hat.<\/strong><\/p>\n\n\n\n<p class=\"wp-block-paragraph\">Noch ist Gnadenzeit, noch gilt dieses Vers\u00f6hnungsangebot, doch es gibt ein <strong>&#8222;Zu Sp\u00e4t&#8220;<\/strong> (vgl. Matth\u00e4us 25:11-13). Darum hei\u00dft es: <strong>Heute, wenn ihr seine Stimme h\u00f6rt, so verstockt eure Herzen nicht<\/strong> (Hebr\u00e4er 4:7).<\/p>\n\n\n\n<p class=\"wp-block-paragraph\">Herkunft: Netzfund<\/p>\n\n\n\n<div class=\"wp-block-group is-layout-flow wp-block-group-is-layout-flow\">\n<div class=\"wp-block-buttons is-layout-flex wp-block-buttons-is-layout-flex\">\n<div class=\"wp-block-button\"><a class=\"wp-block-button__link has-black-background-color has-text-color has-background wp-element-button\" href=\"https:\/\/glaube.synology.me\/wordpress\/\" style=\"color:#faeb00\">Zur\u00fcck zur Startseite<\/a><\/div>\n<\/div>\n\n\n\n<hr class=\"wp-block-separator has-css-opacity is-style-wide\"\/>\n<\/div>\n\n\n\n<p class=\"wp-block-paragraph\"><\/p>\n","protected":false},"excerpt":{"rendered":"<div data-object_id=\"10904\" class=\"cbxwpbkmarkwrap cbxwpbkmarkwrap_guest cbxwpbkmarkwrap_user_cat cbxwpbkmarkwrap-post \"><a role=\"button\"  data-redirect-url=\"https:\/\/glaube.synology.me\/wordpress\/wp-json\/wp\/v2\/posts\/10904\"  data-display-label=\"1\" data-show-count=\"1\" data-bookmark-label=\"MERKEN\"  data-bookmarked-label=\"GEMERKT\"  data-loggedin=\"0\" data-type=\"post\" data-object_id=\"10904\" class=\"cbxwpbkmarktrig  cbxwpbkmarktrig-button-addto ld-ext-left\" title=\"Bookmark This\" href=\"#\"><span class=\"cbxwpbkmarktrig-icon\"><\/span><span class=\"ld ld-ring ld-spin\"><\/span><span class=\"cbxwpbkmarktrig-label\" >MERKEN (<i class=\"cbxwpbkmarktrig-count\">0<\/i>)<\/span><\/a> <div  data-type=\"post\" data-object_id=\"10904\" class=\"cbxwpbkmarkguestwrap\" id=\"cbxwpbkmarkguestwrap-10904\"><div class=\"cbxwpbkmarkguest-message\"><div class=\"cbxwpbkmarkguest-message-head\"><span class=\"cbxwpbkmarkguest-message-head-label\">Please login to bookmark<\/span><a class=\"cbxwpbkmarkguesttrig_close\" role=\"button\" title=\"Click to close bookmark panel\/modal\" href=\"#\" ><i class=\"cbx-icon\"><?xml version=\"1.0\" encoding=\"utf-8\"?>\n<svg xmlns=\"http:\/\/www.w3.org\/2000\/svg\" viewBox=\"0 0 24 24\" fill=\"none\" stroke=\"currentColor\" stroke-width=\"2\" stroke-linecap=\"round\" stroke-linejoin=\"round\"><line x1=\"18\" y1=\"6\" x2=\"6\" y2=\"18\"><\/line><line x1=\"6\" y1=\"6\" x2=\"18\" y2=\"18\"><\/line><\/svg><\/i><i class=\"sr-only\">Close<\/i><\/a><\/div><div class=\"cbxwpbkmarkguest-content\">\n<div class=\"cbx-chota\"><div class=\"container\"><div class=\"row\"><div class=\"col-12\"><div class=\"cbx-guest-wrap cbxwpbookmark-guest-wrap\"><div class=\"cbx-guest-login-wrap cbxwpbookmark-guest-login-wrap\"><form name=\"loginform\" id=\"loginform\" action=\"https:\/\/glaube.synology.me\/wordpress\/wp-login.php\" method=\"post\"><p class=\"login-username\">\n\t\t\t\t<label for=\"user_login\">Benutzername oder E-Mail-Adresse<\/label>\n\t\t\t\t<input type=\"text\" name=\"log\" id=\"user_login\" autocomplete=\"username\" class=\"input\" value=\"\" size=\"20\" \/>\n\t\t\t<\/p><p class=\"login-password\">\n\t\t\t\t<label for=\"user_pass\">Passwort<\/label>\n\t\t\t\t<input type=\"password\" name=\"pwd\" id=\"user_pass\" autocomplete=\"current-password\" spellcheck=\"false\" class=\"input\" value=\"\" size=\"20\" \/>\n\t\t\t<\/p><p class=\"login-remember\"><label><input name=\"rememberme\" type=\"checkbox\" id=\"rememberme\" value=\"forever\" \/> Angemeldet bleiben<\/label><\/p><p class=\"login-submit\">\n\t\t\t\t<input type=\"submit\" name=\"wp-submit\" id=\"wp-submit\" class=\"button button-primary\" value=\"Anmelden\" \/>\n\t\t\t\t<input type=\"hidden\" name=\"redirect_to\" value=\"https:\/\/glaube.synology.me\/wordpress\/wp-json\/wp\/v2\/posts\/10904\" \/>\n\t\t\t<\/p><\/form><\/div><\/div><\/div><\/div><\/div><\/div><\/div><\/div><\/div><\/div><p><span class=\"span-reading-time rt-reading-time\" style=\"display: block;\"><span class=\"rt-label rt-prefix\">Lesezeit:<\/span> <span class=\"rt-time\"> 5<\/span> <span class=\"rt-label rt-postfix\">Minuten<\/span><\/span>Noch ist Gnadenzeit, noch gilt dieses Vers\u00f6hnungsangebot, doch es gibt ein &#8222;Zu Sp\u00e4t&#8220;<\/p>\n","protected":false},"author":1,"featured_media":10905,"comment_status":"open","ping_status":"closed","sticky":false,"template":"","format":"standard","meta":{"_crdt_document":"","pgc_sgb_lightbox_settings":"","_themeisle_gutenberg_block_has_review":false,"_kad_post_transparent":"","_kad_post_title":"","_kad_post_layout":"","_kad_post_sidebar_id":"","_kad_post_content_style":"","_kad_post_vertical_padding":"","_kad_post_feature":"","_kad_post_feature_position":"","_kad_post_header":false,"_kad_post_footer":false,"footnotes":""},"categories":[8,32],"tags":[578,50,63,2,51,41,24,19,83],"class_list":["post-10904","post","type-post","status-publish","format-standard","has-post-thumbnail","hentry","category-andachten","category-gedanken","tag-gnadenzeit","tag-hebraeer","tag-jesaja","tag-jesus","tag-johannes","tag-lukas","tag-matthaeus","tag-mose","tag-petrus"],"_links":{"self":[{"href":"https:\/\/glaube.synology.me\/wordpress\/wp-json\/wp\/v2\/posts\/10904","targetHints":{"allow":["GET"]}}],"collection":[{"href":"https:\/\/glaube.synology.me\/wordpress\/wp-json\/wp\/v2\/posts"}],"about":[{"href":"https:\/\/glaube.synology.me\/wordpress\/wp-json\/wp\/v2\/types\/post"}],"author":[{"embeddable":true,"href":"https:\/\/glaube.synology.me\/wordpress\/wp-json\/wp\/v2\/users\/1"}],"replies":[{"embeddable":true,"href":"https:\/\/glaube.synology.me\/wordpress\/wp-json\/wp\/v2\/comments?post=10904"}],"version-history":[{"count":0,"href":"https:\/\/glaube.synology.me\/wordpress\/wp-json\/wp\/v2\/posts\/10904\/revisions"}],"wp:featuredmedia":[{"embeddable":true,"href":"https:\/\/glaube.synology.me\/wordpress\/wp-json\/wp\/v2\/media\/10905"}],"wp:attachment":[{"href":"https:\/\/glaube.synology.me\/wordpress\/wp-json\/wp\/v2\/media?parent=10904"}],"wp:term":[{"taxonomy":"category","embeddable":true,"href":"https:\/\/glaube.synology.me\/wordpress\/wp-json\/wp\/v2\/categories?post=10904"},{"taxonomy":"post_tag","embeddable":true,"href":"https:\/\/glaube.synology.me\/wordpress\/wp-json\/wp\/v2\/tags?post=10904"}],"curies":[{"name":"wp","href":"https:\/\/api.w.org\/{rel}","templated":true}]}}