{"id":1446,"date":"2020-08-17T12:06:51","date_gmt":"2020-08-17T10:06:51","guid":{"rendered":"http:\/\/soulflight.synology.me\/wordpress\/?p=1446"},"modified":"2020-12-11T14:24:41","modified_gmt":"2020-12-11T13:24:41","slug":"was-hat-corona-mit-gott-zu-tun","status":"publish","type":"post","link":"https:\/\/glaube.synology.me\/wordpress\/was-hat-corona-mit-gott-zu-tun\/","title":{"rendered":"Was hat Corona mit Gott zu tun?"},"content":{"rendered":"<span class=\"span-reading-time rt-reading-time\" style=\"display: block;\"><span class=\"rt-label rt-prefix\">Lesezeit:<\/span> <span class=\"rt-time\"> 8<\/span> <span class=\"rt-label rt-postfix\">Minuten<\/span><\/span><div data-object_id=\"1446\" class=\"cbxwpbkmarkwrap cbxwpbkmarkwrap_guest cbxwpbkmarkwrap_user_cat cbxwpbkmarkwrap-post \"><a role=\"button\"  data-redirect-url=\"https:\/\/glaube.synology.me\/wordpress\/wp-json\/wp\/v2\/posts\/1446\"  data-display-label=\"1\" data-show-count=\"1\" data-bookmark-label=\"MERKEN\"  data-bookmarked-label=\"GEMERKT\"  data-loggedin=\"0\" data-type=\"post\" data-object_id=\"1446\" class=\"cbxwpbkmarktrig  cbxwpbkmarktrig-button-addto ld-ext-left\" title=\"Bookmark This\" href=\"#\"><span class=\"cbxwpbkmarktrig-icon\"><\/span><span class=\"ld ld-ring ld-spin\"><\/span><span class=\"cbxwpbkmarktrig-label\" >MERKEN (<i class=\"cbxwpbkmarktrig-count\">0<\/i>)<\/span><\/a> <div  data-type=\"post\" data-object_id=\"1446\" class=\"cbxwpbkmarkguestwrap\" id=\"cbxwpbkmarkguestwrap-1446\"><div class=\"cbxwpbkmarkguest-message\"><div class=\"cbxwpbkmarkguest-message-head\"><span class=\"cbxwpbkmarkguest-message-head-label\">Please login to bookmark<\/span><a class=\"cbxwpbkmarkguesttrig_close\" role=\"button\" title=\"Click to close bookmark panel\/modal\" href=\"#\" ><i class=\"cbx-icon\"><?xml version=\"1.0\" encoding=\"utf-8\"?>\n<svg xmlns=\"http:\/\/www.w3.org\/2000\/svg\" viewBox=\"0 0 24 24\" fill=\"none\" stroke=\"currentColor\" stroke-width=\"2\" stroke-linecap=\"round\" stroke-linejoin=\"round\"><line x1=\"18\" y1=\"6\" x2=\"6\" y2=\"18\"><\/line><line x1=\"6\" y1=\"6\" x2=\"18\" y2=\"18\"><\/line><\/svg><\/i><i class=\"sr-only\">Close<\/i><\/a><\/div><div class=\"cbxwpbkmarkguest-content\">\n<div class=\"cbx-chota\"><div class=\"container\"><div class=\"row\"><div class=\"col-12\"><div class=\"cbx-guest-wrap cbxwpbookmark-guest-wrap\"><div class=\"cbx-guest-login-wrap cbxwpbookmark-guest-login-wrap\"><form name=\"loginform\" id=\"loginform\" action=\"https:\/\/glaube.synology.me\/wordpress\/wp-login.php\" method=\"post\"><p class=\"login-username\">\n\t\t\t\t<label for=\"user_login\">Benutzername oder E-Mail-Adresse<\/label>\n\t\t\t\t<input type=\"text\" name=\"log\" id=\"user_login\" autocomplete=\"username\" class=\"input\" value=\"\" size=\"20\" \/>\n\t\t\t<\/p><p class=\"login-password\">\n\t\t\t\t<label for=\"user_pass\">Passwort<\/label>\n\t\t\t\t<input type=\"password\" name=\"pwd\" id=\"user_pass\" autocomplete=\"current-password\" spellcheck=\"false\" class=\"input\" value=\"\" size=\"20\" \/>\n\t\t\t<\/p><p class=\"login-remember\"><label><input name=\"rememberme\" type=\"checkbox\" id=\"rememberme\" value=\"forever\" \/> Angemeldet bleiben<\/label><\/p><p class=\"login-submit\">\n\t\t\t\t<input type=\"submit\" name=\"wp-submit\" id=\"wp-submit\" class=\"button button-primary\" value=\"Anmelden\" \/>\n\t\t\t\t<input type=\"hidden\" name=\"redirect_to\" value=\"https:\/\/glaube.synology.me\/wordpress\/wp-json\/wp\/v2\/posts\/1446\" \/>\n\t\t\t<\/p><\/form><\/div><\/div><\/div><\/div><\/div><\/div><\/div><\/div><\/div><\/div>\n<figure class=\"wp-block-image size-large\"><img loading=\"lazy\" decoding=\"async\" width=\"685\" height=\"278\" src=\"https:\/\/glaube.synology.me\/wordpress\/wp-content\/uploads\/2020\/09\/grafik-25.png\" alt=\"\" class=\"wp-image-2842\" srcset=\"https:\/\/glaube.synology.me\/wordpress\/wp-content\/uploads\/2020\/09\/grafik-25.png 685w, https:\/\/glaube.synology.me\/wordpress\/wp-content\/uploads\/2020\/09\/grafik-25-300x122.png 300w\" sizes=\"auto, (max-width: 685px) 100vw, 685px\" \/><\/figure>\n\n\n\n<p class=\"wp-block-paragraph\">Nie zuvor hat eine Krankheit die ganze Welt in die Knie gezwungen wie\n im Fr\u00fchjahr 2020, in dem das Corona-Virus das \u00f6ffentliche Leben zum \nStillstand brachte. Der Shutdown wurde verordnet, Veranstaltungen wurden\n abgesagt, Uni\u00adver\u00adsit\u00e4ten, Schulen und Kitas geschlossen. Fu\u00dfballspiele\n fanden vor leeren R\u00e4ngen statt. Gottesdienste waren verboten \u2013 das gab \nes noch nicht einmal in Kriegszeiten.<\/p>\n\n\n\n<p class=\"wp-block-paragraph\">Eine hochmobile Gesellschaft, bei der weltweit pro Tag 130&nbsp;000 \nFlugzeuge mit 12 Millionen Passagieren die Kontinente verbinden, befand \nsich pl\u00f6tzlich im Stand-by-Modus. Dies war ein so gravierender \nEinschnitt, dass jeder auf dem gesamten Globus darin einbezogen wurde. \nDie Wucht, mit der die Menschheit pl\u00f6tzlich von allem betroffen war, \nstellte damit sogar die Klimadebatte in den Schatten.<\/p>\n\n\n\n<p class=\"wp-block-paragraph\">Wir wurden \u00fcberrascht im Kontext unserer Normalit\u00e4t \u2013 mitten hinein \nin unser sorgloses Alltagsleben. Wir haben Reisen gebucht und \nFamilienfeiern geplant, alles musste kurzerhand abgesagt werden. Dazu \ngeh\u00f6ren auch die gro\u00dfen Veranstaltungen, wie die Olympiade in Tokio, die\n Passionsspiele von Oberammergau, die Leipziger Buchmesse oder das \nM\u00fcnchener Oktoberfest.<\/p>\n\n\n\n<blockquote class=\"wp-block-quote is-layout-flow wp-block-quote-is-layout-flow\"><p>Was uns bisher selbstverst\u00e4ndlich erschien, war pl\u00f6tzlich au\u00dfer Kraft gesetzt.<\/p><\/blockquote>\n\n\n\n<p class=\"wp-block-paragraph\">Das Leben, wie es seinen gewohnten Gang ging, gab es mit einem Mal \nnicht mehr: kein Fu\u00dfball, keine Konzerte, kein Theater, keine \nVortragsveranstaltungen, keine Gottesdienste. Kurz und b\u00fcndig gab es nur\n noch die Worte \u201eabgesagt\u201c oder \u201egeschlossen\u201c. Die verordneten \nMa\u00dfnahmen, um die Menschen vor dem Corona-Virus zu sch\u00fctzen, haben die \nStra\u00dfen und die von Touristen \u00fcberf\u00fcllten \u00f6ffentlichen Pl\u00e4tze \nleergefegt. Das florierende wirtschaftliche und gesellschaftliche Leben \nwar lahmgelegt und hinter verschlossene T\u00fcren oder ins Internet \nverlagert. Nie zuvor in unserer Geschichte wurden grundgesetzlich \nverb\u00fcrgte Freiheitsrechte, die wir als so elementar wahrgenommen haben \u2013\n wenn auch durch gesundheitliche Vorsichtsma\u00dfnahmen \u2013 schrittweise \neingeschr\u00e4nkt.<\/p>\n\n\n\n<p class=\"wp-block-paragraph\">Der Mikrobiologe und Pr\u00e4sident des Robert-Koch-Instituts in Berlin <em>Lothar H. Wieler<\/em>\n \u00e4u\u00dferte sich am 14.04.2020 in einer ZDF-Sendung zur Corona-Krise wie \nfolgt: \u201eDiese Pandemie gab es bisher nicht. Wir haben keine Blaupause, \nnach der wir handeln k\u00f6nnten. Die Krankheit ist neu.\u201c Dies offenbart die\n ganze Hilflosigkeit.<\/p>\n\n\n\n<blockquote class=\"wp-block-quote is-layout-flow wp-block-quote-is-layout-flow\"><p>Die Corona-Krise bewirkte in allen L\u00e4ndern eine ungeahnte \nWirtschafts- und Finanzkrise, deren Ausma\u00df noch gar nicht abgesch\u00e4tzt \nwerden kann.<\/p><\/blockquote>\n\n\n\n<p class=\"wp-block-paragraph\">F\u00fcr das gr\u00f6\u00dfte Hilfspaket in der Geschichte der Bundesrepublik zum \nKampf gegen Corona werden die \u00f6ffentlichen Haushalte derzeit (Stand: 23.\n April 2020) mit 453 Milliarden Euro belastet. Zus\u00e4tzlich geben Bund und\n L\u00e4nder Garantien \u00fcber fast 820 Milliarden Euro. Das sind zusammen etwa \n1,2 Billionen Euro. Das ist dreimal so viel Geld, wie der Bund sonst in \neinem ganzen Jahr ausgibt. Von 2023 an ist der Bund verpflichtet, pro \nJahr f\u00fcnf Milliarden Euro an Corona-Verbindlichkeiten zu tilgen. Erst \nbis zum Jahr 2043 k\u00f6nnen die Corona-Lasten abgetragen sein.<\/p>\n\n\n\n<p class=\"wp-block-paragraph\">Wir suchen nach einer Erkl\u00e4rung f\u00fcr diese Pandemie. Wer gibt sie uns?<\/p>\n\n\n\n<h3 class=\"wp-block-heading\">Die Kirchen gaben uns keine Antwort<\/h3>\n\n\n\n<p class=\"wp-block-paragraph\">Der Historiker Prof. <em>Michael Wolffsohn<\/em> beklagt in der \n\u201eFrankfurter Allgemeinen Zeitung\u201c vom 20.04.2020 das Schweigen der \nKirche: \u201eIch jedenfalls habe keine theologisch tiefgehende \nInterpretation dieser Pandemie seitens f\u00fchrender Geistlicher \nregistriert.\u201c<\/p>\n\n\n\n<p class=\"wp-block-paragraph\">Die \u201eWelt am Sonntag\u201c titelte: \u201eWird die Corona-Krise zum \nOffenbarungseid f\u00fcr die Kirchen?\u201c In dem Artikel hei\u00dft es: \u201eDie \nSelbstbeschr\u00e4nkung der Kirchen mutet seltsam an in einer Zeit, in der \nOrientierung mehr denn je gefragt ist. In der Friedensbewegung, in der \nNachr\u00fcstungsdebatte, im Widerstand gegen die Atomkraft, im Kampf f\u00fcr \nSolidarit\u00e4t mit der Dritten Welt und gegen Hartz IV in Deutschland waren\n die christlichen Kirchen \u2026 immer ganz vorn mit dabei. Von der \nehemaligen Bisch\u00f6fin und Ratsvorsitzenden der Evangelischen Kirche in \nDeutschland, <em>Margot K\u00e4\u00dfmann<\/em>, konnte man \u00fcber Jahre zu fast \njedem Thema eine Stellungnahme oder sogar eine Belehrung erwarten. Oft \nauch ungefragt. Jetzt gibt sie sich wortkarg.\u201c [zitiert in ideaSpektrum \n16.2020, S. 11]<\/p>\n\n\n\n<p class=\"wp-block-paragraph\">So wenden wir uns der Bibel zu \u2013 oder anders gefragt: Was sagt uns Gott zu alledem in seinem Wort?<\/p>\n\n\n\n<h3 class=\"wp-block-heading\">1. Wir leben in einer gefallenen Welt<\/h3>\n\n\n\n<p class=\"wp-block-paragraph\">Wir leben in einer Welt, in der unser Leben eine 100-prozentige \nSterblichkeitsrate aufweist. Alles ist hier der Verg\u00e4nglichkeit \nunterworfen. In dieser Sch\u00f6pfung sind etwa 20 Millionen verschiedene \nGifte bekannt. Schlangengifte haben eine so hochkomplexe Chemie, dass \nselbst die besten Chemiker nicht in der Lage sind, diese chemischen \nVerbindungen zu synthetisieren. Wer diese Welt mit all den schlimmen \nDingen interpretieren will und dabei den S\u00fcndenfall am Anfang der \nMenschheitsgeschichte ignoriert, gelangt stets zu Fehldeutungen. Alle \nmenschlichen Versuche, hier ein irdisches Paradies zu bauen, sind stets \nmisslungen. Der Grund daf\u00fcr ist die S\u00fcnde mit ihrem Gesetz<strong>: <\/strong><em>\u201eDer S\u00fcnde Sold ist der Tod\u201c <\/em>(R\u00f6mer\n 6,23, Die Bibel). Darum gibt es in dieser Welt so viele Kriege, so viel\n Hass, so viele Krankheiten und den Tod. In diesen Corona-Zeiten wird \nuns dies ganz neu bewusst.<\/p>\n\n\n\n<h3 class=\"wp-block-heading\">2. Gem\u00e4\u00df der Mehrheitsmeinung hat Gott mit Corona nichts zu tun<\/h3>\n\n\n\n<p class=\"wp-block-paragraph\">In unserer Zeit ist es \u00fcblich geworden, nur noch einseitig von der \nLiebe Gottes zu predigen; die Gerichte Gottes werden weithin \nausgeklammert. Die Bibel hingegen zeigt uns, dass beispielsweise die \nSintflut mit Millionen von Toten von Gott verursacht wurde, ebenso der \nUntergang von Sodom und Gomorra oder die Zerstreuung des Volkes Israel \nin alle Welt.<\/p>\n\n\n\n<blockquote class=\"wp-block-quote is-layout-flow wp-block-quote-is-layout-flow\"><p>Kann man Gott in der Corona-Krise so einfach beiseiteschieben, wie das landauf \u2013 landab die Politiker und Kirchenoberen tun?<\/p><\/blockquote>\n\n\n\n<p class=\"wp-block-paragraph\">F\u00fcr eine solche Denkweise sei hier stellvertretend der Magdeburger katholische Bischof <em>Gerhard Feige<\/em>\n mit seinem Beitrag in \u201eChrist und Welt\u201c, Nr. 17 vom 16. April 2020 \ngenannt. Er zitiert \u201edas j\u00fcngste gemeinsame Wort der katholischen, \nevangelischen und orthodoxen Kirche in Deutschland\u201c, worin gesagt wurde:\n \u201eKrankheit ist keine Strafe Gottes \u2013 weder f\u00fcr Einzelne noch f\u00fcr ganze \nGesellschaften, Nationen und Kontinente oder gar f\u00fcr die ganze \nMenschheit. Krankheiten geh\u00f6ren zu unserer menschlichen Natur als \nverwundbare und zerbrechliche Wesen.\u201c<\/p>\n\n\n\n<p class=\"wp-block-paragraph\">Der Gott, der sogar die Haare auf unserem Haupt z\u00e4hlt (Matth\u00e4us \n10,30, Die Bibel) und der jeden der 10 hoch 25 Sterne mit einem eigenen \nNamen versieht (Psalm 147,4), den ignorieren wir bei einem so weltweiten\n Geschehen wie diese Corona-Pandemie. Oder haben wir Gott schon f\u00fcr tot \nerkl\u00e4rt (<em>Nietzsche<\/em>)?<\/p>\n\n\n\n<p class=\"wp-block-paragraph\">Nichts ist dringender als die Aussagen der Bibel zu beachten, denn \nnur von dorther werden wir zu einer angemessenen Beurteilung der Lage \nkommen. Haben wir im Zusammenhang von D\u00fcrrezeiten und \u00dcber\u00adschwemmungen \nschon einmal bedacht, was in Hiob 12,15 steht? <em>\u201eSiehe, wenn er das Wasser zur\u00fcckh\u00e4lt, so wird alles d\u00fcrr, und wenn er\u2019s losl\u00e4sst, so w\u00fchlt es das Land um.\u201c<\/em><\/p>\n\n\n\n<h3 class=\"wp-block-heading\">3. Der vergessene Gott<\/h3>\n\n\n\n<p class=\"wp-block-paragraph\">Betrachten wir im Zusammenhang unseres Themas einmal den Ist-Zustand \num das Geschehen in Deutschland. Im Jahr 2019 gab es in Deutschland \n100&nbsp;000 Abtreibungen \u2013 nach der Bibel ist das Mord. Die biblische \nWahrheit des Sch\u00f6pfungsberichtes haben wir einseitig und fl\u00e4chendeckend \ndurch die wissenschaftlich nicht haltbare Evolutionslehre ersetzt. Ist \nuns bewusst, was wir damit angerichtet haben?<\/p>\n\n\n\n<blockquote class=\"wp-block-quote is-layout-flow wp-block-quote-is-layout-flow\"><p>Indem wir sein Wort \u2013 die Bibel \u2013 ablehnen oder f\u00fcr nichtig erkl\u00e4ren, bezichtigen wir Gott der L\u00fcge.<\/p><\/blockquote>\n\n\n\n<p class=\"wp-block-paragraph\">Die Klimadiskussion nimmt Z\u00fcge einer Ersatzreligion an. Mit der \nstaatlich sanktionierten \u201eEhe f\u00fcr alle\u201c haben wir Gottes Gebot \nmissachtet. Der fr\u00fchere Bundespr\u00e4sident <em>Christian Wulff<\/em> \nbehauptete zum 20. Jahrestag der Wiedervereinigung in Bremen: \u201eDer Islam\n geh\u00f6rt zu Deutschland.\u201c Mit solchen beklagenswerten \u00c4u\u00dferungen \u00f6ffnen \nwir ganz bewusst dem Islam T\u00fcr und Tor. Wie antichristlich diese \nReligion ist, wird deutlich an der strikten Ablehnung des Kreuzes. Im \nKoran werden Ungl\u00e4ubige \u2013 aus islamischer Sicht sind damit Christen, \nJuden und Atheisten gemeint \u2013 als die schlechtesten Gesch\u00f6pfe \nbezeichnet, die noch unter dem Vieh stehen (Sure 8,57; Sure 98,6).<\/p>\n\n\n\n<p class=\"wp-block-paragraph\">Wer dazu beitr\u00e4gt, dass der Islam zu Deutschland geh\u00f6rt, tr\u00e4gt dazu \nbei, dass Deutschland zum Islam geh\u00f6rt. Die Liste des Fehlverhaltens \nk\u00f6nnte noch beliebig fortgesetzt werden. Wir tun so, als wenn es Gott \ngar nicht g\u00e4be. Oder haben wir uns einen M\u00e4rchenbuchliebergott \nzurechtgeschneidert \u2013 wie ihn der Nachkriegsdichter <em>Wolfgang Borchert<\/em>\n bezeichnete \u2013 der f\u00fcr nichts mehr zust\u00e4ndig ist? Wir sind ein gottloses\n Land geworden. W\u00fcrden wir an einem belebten Platz einer Gro\u00dfstadt eine \nMeinungsumfrage starten und die Passanten befragen: \u201eGlauben Sie an \nJesus Christus als den gekreuzigten und auferstandenen Herrn, und haben \nSie sich in einer pers\u00f6nlichen Entscheidung bewusst zu ihm hingewandt?\u201c.\n Wie viele w\u00fcrden wohl mit einem eindeutigen JA antworten? Wir w\u00fcrden \nsehr deutlich unter der \u201e5-Prozent-Klausel\u201c bleiben.<\/p>\n\n\n\n<p class=\"wp-block-paragraph\">Sollte Gott zu alledem schweigen? In Galater 6,7 hei\u00dft es:<em> \u201eIrret euch nicht! Gott l\u00e4sst sich nicht spotten. Denn was der Mensch s\u00e4t, das wird er ernten.\u201c<\/em><\/p>\n\n\n\n<h3 class=\"wp-block-heading\">4. Corona hat sehr viel mit Gott zu tun!<\/h3>\n\n\n\n<p class=\"wp-block-paragraph\">Wir betrachten im Angesicht der Aussagen unter Punkt 3 nun das, was Gott dem K\u00f6nig Salomo offenbarte: <em>\u201eSiehe,\n wenn ich den Himmel verschlie\u00dfe, dass es nicht regnet, oder die \nHeuschrecken das Land fressen oder eine Pest unter mein Volk kommen \nlasse und dann mein Volk, \u00fcber das mein Name genannt ist, sich dem\u00fctigt,\n dass sie beten und mein Angesicht suchen und sich von ihren b\u00f6sen Wegen\n bekehren, so will ich vom Himmel her h\u00f6ren und ihre S\u00fcnde vergeben und \nihr Land heilen\u201c<\/em> (2. Chronik 7,13-14, Die Bibel).<\/p>\n\n\n\n<p class=\"wp-block-paragraph\">Hier l\u00e4sst uns Gott wissen, dass Er in allem der Handelnde ist und \nbleibt. Er ist es, der den Regen zur\u00fcckh\u00e4lt, der eine Heuschreckenplage \n\u00fcber das Land bringt, der fl\u00e4chendeckende Waldbr\u00e4nde und Tsunamis \nzul\u00e4sst und der eine Seuche (z.B. Pest, Corona) schickt. <strong>Corona hat also doch etwas mit Gott zu tun! <\/strong><\/p>\n\n\n\n<p class=\"wp-block-paragraph\">Alle diese Beobachtungen m\u00f6gen wir versuchen, wissenschaftlich oder \ndurch menschliches Versagen zu erkl\u00e4ren oder gar dem Zufall \nzuzuschreiben. Wir liegen dabei genauso daneben, als wollte jemand das \ndreieinhalbj\u00e4hrige Ausbleiben des Regens zur Zeit Elias meteorologisch \nbegr\u00fcnden (Jakobus 5,17-18, Die Bibel).<\/p>\n\n\n\n<p class=\"wp-block-paragraph\">Durch den Propheten Amos 3,6 wird recht drastisch gesagt: <em>\u201eIst etwa ein Ungl\u00fcck in der Stadt, das der Herr nicht tut?\u201c<\/em> \u00c4hnlich steht es in Jesaja 45,5a+7:<em>\n \u201eIch bin der Herr, &#8230; der ich das Licht mache und schaffe die \nFinsternis, der ich Frieden gebe und schaffe Unheil. Ich bin der Herr, \nder dies alles tut.\u201c <\/em>Es erstaunt uns sehr, dass Gott sich als \nVerursacher von Ungl\u00fccksf\u00e4llen, Unheil, Seuchen u.a. vorstellt. Diese \nAussage ruft im ersten Augenblick unser Entsetzen hervor. Gott l\u00e4sst das\n Ungl\u00fcck nicht nur zu \u2013 Er ist der Souver\u00e4n \u00fcber alle Dinge. Das passt \ngar nicht so recht in unsere verniedlichende Vorstellung vom \u201elieben \nGott\u201c.<\/p>\n\n\n\n<h3 class=\"wp-block-heading\">5. Wie redet Gott heute zu uns?<\/h3>\n\n\n\n<p class=\"wp-block-paragraph\">Gott tut nichts willk\u00fcrlich. Alles hat bei ihm seine Begr\u00fcndung, und \noft k\u00fcndigt er seine Gerichte lange genug im Voraus an, um uns die \nM\u00f6glichkeit zur Umkehr zu geben: <em>\u201eGott der Herr tut nichts, er offenbare denn seinen Ratschluss den Propheten, seinen Knechten\u201c<\/em> (Amos 3,7). So tat es Gott z.B. vor der Sintflut (1. Mose 6,7) oder auch vor dem Untergang von Sodom und Gomorra (1. Mose 18).<\/p>\n\n\n\n<p class=\"wp-block-paragraph\">In Hebr\u00e4er 1,1-2 ist gesagt: <em>\u201eNachdem Gott vorzeiten vielfach und\n auf mancherlei Weise geredet hat zu den V\u00e4tern durch die Propheten, hat\n er in diesen letzten Tagen zu uns geredet durch den Sohn (Jesus \nChristus).\u201c<\/em> Auch heute spricht Gott uns pers\u00f6nlich an zwar durch seinen Sohn Jesus Christus.&nbsp;<\/p>\n\n\n\n<blockquote class=\"wp-block-quote is-layout-flow wp-block-quote-is-layout-flow\"><p>Wollen wir die Corona-Krise verstehen, dann werden wir auf Jesus verwiesen.<\/p><\/blockquote>\n\n\n\n<p class=\"wp-block-paragraph\">Von ihm hei\u00dft es in Lukas 24,45: <em>\u201eDa \u00f6ffnete er ihnen das Verst\u00e4ndnis, so dass sie die Schrift verstanden.\u201c<\/em>\n Wir werden somit auf die Schrift verwiesen, die uns Jesus durch den \nHeiligen Geist aufschlie\u00dft. Diese biblische Ausrichtung kann uns davor \nbewahren, den vielen selbsternannten, aber falschen Propheten, auf den \nLeim zu gehen.<\/p>\n\n\n\n<p class=\"wp-block-paragraph\">So k\u00f6nnen wir nach all den vorangegangenen \u00dcberlegungen die \nberechtigte Frage stellen, ist diese Corona-Pandemie zuf\u00e4llig \u00fcber diese\n Welt gekommen, oder ist sie von Gott geschickt? Gott auszuklammern, \nw\u00e4re die absolut falsche L\u00f6sung. Wir sind hier mit seinem Handeln in \ndieser Welt konfrontiert, aber wir k\u00f6nnen es nicht eindeutig \nentschl\u00fcsseln. Drei Antworten scheinen mir m\u00f6glich:<\/p>\n\n\n\n<ul class=\"wp-block-list\"><li>Die Pandemie ist ein Gericht \u00fcber eine weithin gottlos gewordene Welt.<\/li><li>Sie ist ein Ruf Gottes zur Umkehr, damit wir Rettung in Jesus finden.<\/li><li>Sie ist ein Zeichen der baldigen Wiederkehr Jesu. Er hat uns \nvorausgesagt, dass seinem Kommen die \u201eWehen\u201c vorangehen (Matth\u00e4us 24,8).<\/li><\/ul>\n\n\n\n<h3 class=\"wp-block-heading\">6. Welche Botschaft richtet Gott an uns?<\/h3>\n\n\n\n<p class=\"wp-block-paragraph\">Was lernen wir von dieser Corona-Krise? Als Erstes erkennen wir \nunsere Hilflosigkeit. Wir m\u00fcssen uns eingestehen, trotz aller \ntechnischen Machbarkeit unsere Grenzen zu erkennen. Es ist unsere \nBeobachtung, dass dieses Geschehen die gesamte Welt betrifft. Kein Land \nund keine Personengruppe ist ausgenommen \u2013 es trifft Christen und \nAtheisten, Muslime und Hinduisten, es trifft Junge und Alte, Arme und \nReiche, es trifft Gesunde und Vorerkrankte, kurz: jeden!<\/p>\n\n\n\n<p class=\"wp-block-paragraph\">Wenn Gott so universell zu jedem von uns spricht, dann stellt sich \ndie Frage: Gibt es eine Botschaft, die ebenfalls jedem Erdenb\u00fcrger gilt?\n Darauf gibt uns die Bibel eine sehr eindeutige und unmissverst\u00e4ndliche \nAntwort, wie z.B.:<\/p>\n\n\n\n<ul class=\"wp-block-list\"><li><em>\u201eGott will, dass allen Menschen geholfen werde und sie zur Erkenntnis der Wahrheit kommen\u201c <\/em>(1. Timotheus 2,4).<\/li><li><em>\u201eSo tut nun Bu\u00dfe und bekehrt euch, dass eure S\u00fcnden getilgt werden\u201c<\/em> (Apostelgeschichte 3,19).<\/li><\/ul>\n\n\n\n<p class=\"wp-block-paragraph\">In seiner Schrift \u201eAngst vor dem Virus?\u201c vergleicht <em>Manfred R\u00f6seler<\/em>\n das Covid-19-Virus mit einem viel heimt\u00fcckischeren Virus \u2013 und das ist \ndie S\u00fcnde. Dieses Virus bringt uns nicht nur den leiblichen, sondern den\n ewigen Tod (H\u00f6lle). Auch vor dieser Katastrophe werden wir in der Bibel\n im Voraus gewarnt (Offenbarung 21,8), so dass sie niemanden \n\u00fcberraschend treffen wird.<\/p>\n\n\n\n<p class=\"wp-block-paragraph\">Weil Gott die Liebe in Person ist (1. Johannes 4,16), will er uns \nheilen \u2013 wer immer wir auch sind. Durch Jesu Tod und Auferstehung ist \ndie Medizin gegen das S\u00fcndenvirus vorhanden. Nun hei\u00dft die kurzgefasste \nrettende Botschaft: <em>\u201eWer an den Sohn (Gottes) glaubt, der hat das ewige Leben\u201c <\/em>(Johannes\n 3,36). Bekennen Sie dem Gottessohn Jesus die Verfehlungen Ihres Lebens \u2013\n insbesondere die Lebensweise ohne IHN \u2013 und bitten Sie IHN, in Ihr \nLeben einzutreten. Dann sind Sie heil geworden und haben den Himmel \ngewonnen.<\/p>\n\n\n\n<p class=\"wp-block-paragraph\">Wie Sie das ganz praktisch tun k\u00f6nnen, erkl\u00e4re ich in dem Video <em>\u201eWie ich mein Leben Jesus \u00fcbergebe\u201c<\/em>: <a href=\"https:\/\/wernergitt.de\/leben\" rel=\"nofollow noopener\" target=\"_blank\">https:\/\/wernergitt.de\/leben<\/a><\/p>\n\n\n\n<p class=\"wp-block-paragraph\">Direktor und Professor a.D.<br>Dr.-Ing. Werner Gitt<\/p>\n\n\n\n<div class=\"wp-block-button\"><a class=\"wp-block-button__link\" href=\"https:\/\/bruderhand.de\/traktate\/evangelistisch\/3802\/was-hat-corona-mit-gott-zu-tun-detail\" rel=\"nofollow noopener\" target=\"_blank\">Herkunft<\/a><\/div>\n\n\n\n<hr class=\"wp-block-separator\"\/>\n","protected":false},"excerpt":{"rendered":"<div data-object_id=\"1446\" class=\"cbxwpbkmarkwrap cbxwpbkmarkwrap_guest cbxwpbkmarkwrap_user_cat cbxwpbkmarkwrap-post \"><a role=\"button\"  data-redirect-url=\"https:\/\/glaube.synology.me\/wordpress\/wp-json\/wp\/v2\/posts\/1446\"  data-display-label=\"1\" data-show-count=\"1\" data-bookmark-label=\"MERKEN\"  data-bookmarked-label=\"GEMERKT\"  data-loggedin=\"0\" data-type=\"post\" data-object_id=\"1446\" class=\"cbxwpbkmarktrig  cbxwpbkmarktrig-button-addto ld-ext-left\" title=\"Bookmark This\" href=\"#\"><span class=\"cbxwpbkmarktrig-icon\"><\/span><span class=\"ld ld-ring ld-spin\"><\/span><span class=\"cbxwpbkmarktrig-label\" >MERKEN (<i class=\"cbxwpbkmarktrig-count\">0<\/i>)<\/span><\/a> <div  data-type=\"post\" data-object_id=\"1446\" class=\"cbxwpbkmarkguestwrap\" id=\"cbxwpbkmarkguestwrap-1446\"><div class=\"cbxwpbkmarkguest-message\"><div class=\"cbxwpbkmarkguest-message-head\"><span class=\"cbxwpbkmarkguest-message-head-label\">Please login to bookmark<\/span><a class=\"cbxwpbkmarkguesttrig_close\" role=\"button\" title=\"Click to close bookmark panel\/modal\" href=\"#\" ><i class=\"cbx-icon\"><?xml version=\"1.0\" encoding=\"utf-8\"?>\n<svg xmlns=\"http:\/\/www.w3.org\/2000\/svg\" viewBox=\"0 0 24 24\" fill=\"none\" stroke=\"currentColor\" stroke-width=\"2\" stroke-linecap=\"round\" stroke-linejoin=\"round\"><line x1=\"18\" y1=\"6\" x2=\"6\" y2=\"18\"><\/line><line x1=\"6\" y1=\"6\" x2=\"18\" y2=\"18\"><\/line><\/svg><\/i><i class=\"sr-only\">Close<\/i><\/a><\/div><div class=\"cbxwpbkmarkguest-content\">\n<div class=\"cbx-chota\"><div class=\"container\"><div class=\"row\"><div class=\"col-12\"><div class=\"cbx-guest-wrap cbxwpbookmark-guest-wrap\"><div class=\"cbx-guest-login-wrap cbxwpbookmark-guest-login-wrap\"><form name=\"loginform\" id=\"loginform\" action=\"https:\/\/glaube.synology.me\/wordpress\/wp-login.php\" method=\"post\"><p class=\"login-username\">\n\t\t\t\t<label for=\"user_login\">Benutzername oder E-Mail-Adresse<\/label>\n\t\t\t\t<input type=\"text\" name=\"log\" id=\"user_login\" autocomplete=\"username\" class=\"input\" value=\"\" size=\"20\" \/>\n\t\t\t<\/p><p class=\"login-password\">\n\t\t\t\t<label for=\"user_pass\">Passwort<\/label>\n\t\t\t\t<input type=\"password\" name=\"pwd\" id=\"user_pass\" autocomplete=\"current-password\" spellcheck=\"false\" class=\"input\" value=\"\" size=\"20\" \/>\n\t\t\t<\/p><p class=\"login-remember\"><label><input name=\"rememberme\" type=\"checkbox\" id=\"rememberme\" value=\"forever\" \/> Angemeldet bleiben<\/label><\/p><p class=\"login-submit\">\n\t\t\t\t<input type=\"submit\" name=\"wp-submit\" id=\"wp-submit\" class=\"button button-primary\" value=\"Anmelden\" \/>\n\t\t\t\t<input type=\"hidden\" name=\"redirect_to\" value=\"https:\/\/glaube.synology.me\/wordpress\/wp-json\/wp\/v2\/posts\/1446\" \/>\n\t\t\t<\/p><\/form><\/div><\/div><\/div><\/div><\/div><\/div><\/div><\/div><\/div><\/div><p><span class=\"span-reading-time rt-reading-time\" style=\"display: block;\"><span class=\"rt-label rt-prefix\">Lesezeit:<\/span> <span class=\"rt-time\"> 8<\/span> <span class=\"rt-label rt-postfix\">Minuten<\/span><\/span>Die Corona-Krise bewirkte in allen L\u00e4ndern eine ungeahnte  Wirtschafts- und Finanzkrise, deren Ausma\u00df noch gar nicht abgesch\u00e4tzt  werden kann.<\/p>\n","protected":false},"author":1,"featured_media":2842,"comment_status":"open","ping_status":"open","sticky":false,"template":"","format":"standard","meta":{"_crdt_document":"","pgc_sgb_lightbox_settings":"","_themeisle_gutenberg_block_has_review":false,"_kad_post_transparent":"","_kad_post_title":"","_kad_post_layout":"","_kad_post_sidebar_id":"","_kad_post_content_style":"","_kad_post_vertical_padding":"","_kad_post_feature":"","_kad_post_feature_position":"","_kad_post_header":false,"_kad_post_footer":false,"footnotes":""},"categories":[32],"tags":[197,36,183,40,3,87,63,51,41,24,19,136],"class_list":["post-1446","post","type-post","status-publish","format-standard","has-post-thumbnail","hentry","category-gedanken","tag-amos","tag-apostelgeschichte","tag-chronik","tag-corona","tag-gott","tag-jakobus","tag-jesaja","tag-johannes","tag-lukas","tag-matthaeus","tag-mose","tag-timotheus"],"_links":{"self":[{"href":"https:\/\/glaube.synology.me\/wordpress\/wp-json\/wp\/v2\/posts\/1446","targetHints":{"allow":["GET"]}}],"collection":[{"href":"https:\/\/glaube.synology.me\/wordpress\/wp-json\/wp\/v2\/posts"}],"about":[{"href":"https:\/\/glaube.synology.me\/wordpress\/wp-json\/wp\/v2\/types\/post"}],"author":[{"embeddable":true,"href":"https:\/\/glaube.synology.me\/wordpress\/wp-json\/wp\/v2\/users\/1"}],"replies":[{"embeddable":true,"href":"https:\/\/glaube.synology.me\/wordpress\/wp-json\/wp\/v2\/comments?post=1446"}],"version-history":[{"count":0,"href":"https:\/\/glaube.synology.me\/wordpress\/wp-json\/wp\/v2\/posts\/1446\/revisions"}],"wp:featuredmedia":[{"embeddable":true,"href":"https:\/\/glaube.synology.me\/wordpress\/wp-json\/wp\/v2\/media\/2842"}],"wp:attachment":[{"href":"https:\/\/glaube.synology.me\/wordpress\/wp-json\/wp\/v2\/media?parent=1446"}],"wp:term":[{"taxonomy":"category","embeddable":true,"href":"https:\/\/glaube.synology.me\/wordpress\/wp-json\/wp\/v2\/categories?post=1446"},{"taxonomy":"post_tag","embeddable":true,"href":"https:\/\/glaube.synology.me\/wordpress\/wp-json\/wp\/v2\/tags?post=1446"}],"curies":[{"name":"wp","href":"https:\/\/api.w.org\/{rel}","templated":true}]}}