{"id":6629,"date":"2021-04-29T10:52:32","date_gmt":"2021-04-29T08:52:32","guid":{"rendered":"https:\/\/glaube.synology.me\/wordpress\/?p=6629"},"modified":"2021-04-29T10:52:36","modified_gmt":"2021-04-29T08:52:36","slug":"was-hat-corona-mit-gott-zu-tun-2","status":"publish","type":"post","link":"https:\/\/glaube.synology.me\/wordpress\/was-hat-corona-mit-gott-zu-tun-2\/","title":{"rendered":"Was hat Corona mit Gott zu tun"},"content":{"rendered":"<span class=\"span-reading-time rt-reading-time\" style=\"display: block;\"><span class=\"rt-label rt-prefix\">Lesezeit:<\/span> <span class=\"rt-time\"> 6<\/span> <span class=\"rt-label rt-postfix\">Minuten<\/span><\/span><div data-object_id=\"6629\" class=\"cbxwpbkmarkwrap cbxwpbkmarkwrap_guest cbxwpbkmarkwrap_user_cat cbxwpbkmarkwrap-post \"><a role=\"button\"  data-redirect-url=\"https:\/\/glaube.synology.me\/wordpress\/wp-json\/wp\/v2\/posts\/6629\"  data-display-label=\"1\" data-show-count=\"1\" data-bookmark-label=\"MERKEN\"  data-bookmarked-label=\"GEMERKT\"  data-loggedin=\"0\" data-type=\"post\" data-object_id=\"6629\" class=\"cbxwpbkmarktrig  cbxwpbkmarktrig-button-addto ld-ext-left\" title=\"Bookmark This\" href=\"#\"><span class=\"cbxwpbkmarktrig-icon\"><\/span><span class=\"ld ld-ring ld-spin\"><\/span><span class=\"cbxwpbkmarktrig-label\" >MERKEN (<i class=\"cbxwpbkmarktrig-count\">0<\/i>)<\/span><\/a> <div  data-type=\"post\" data-object_id=\"6629\" class=\"cbxwpbkmarkguestwrap\" id=\"cbxwpbkmarkguestwrap-6629\"><div class=\"cbxwpbkmarkguest-message\"><div class=\"cbxwpbkmarkguest-message-head\"><span class=\"cbxwpbkmarkguest-message-head-label\">Please login to bookmark<\/span><a class=\"cbxwpbkmarkguesttrig_close\" role=\"button\" title=\"Click to close bookmark panel\/modal\" href=\"#\" ><i class=\"cbx-icon\"><?xml version=\"1.0\" encoding=\"utf-8\"?>\n<svg xmlns=\"http:\/\/www.w3.org\/2000\/svg\" viewBox=\"0 0 24 24\" fill=\"none\" stroke=\"currentColor\" stroke-width=\"2\" stroke-linecap=\"round\" stroke-linejoin=\"round\"><line x1=\"18\" y1=\"6\" x2=\"6\" y2=\"18\"><\/line><line x1=\"6\" y1=\"6\" x2=\"18\" y2=\"18\"><\/line><\/svg><\/i><i class=\"sr-only\">Close<\/i><\/a><\/div><div class=\"cbxwpbkmarkguest-content\">\n<div class=\"cbx-chota\"><div class=\"container\"><div class=\"row\"><div class=\"col-12\"><div class=\"cbx-guest-wrap cbxwpbookmark-guest-wrap\"><div class=\"cbx-guest-login-wrap cbxwpbookmark-guest-login-wrap\"><form name=\"loginform\" id=\"loginform\" action=\"https:\/\/glaube.synology.me\/wordpress\/wp-login.php\" method=\"post\"><p class=\"login-username\">\n\t\t\t\t<label for=\"user_login\">Benutzername oder E-Mail-Adresse<\/label>\n\t\t\t\t<input type=\"text\" name=\"log\" id=\"user_login\" autocomplete=\"username\" class=\"input\" value=\"\" size=\"20\" \/>\n\t\t\t<\/p><p class=\"login-password\">\n\t\t\t\t<label for=\"user_pass\">Passwort<\/label>\n\t\t\t\t<input type=\"password\" name=\"pwd\" id=\"user_pass\" autocomplete=\"current-password\" spellcheck=\"false\" class=\"input\" value=\"\" size=\"20\" \/>\n\t\t\t<\/p><p class=\"login-remember\"><label><input name=\"rememberme\" type=\"checkbox\" id=\"rememberme\" value=\"forever\" \/> Angemeldet bleiben<\/label><\/p><p class=\"login-submit\">\n\t\t\t\t<input type=\"submit\" name=\"wp-submit\" id=\"wp-submit\" class=\"button button-primary\" value=\"Anmelden\" \/>\n\t\t\t\t<input type=\"hidden\" name=\"redirect_to\" value=\"https:\/\/glaube.synology.me\/wordpress\/wp-json\/wp\/v2\/posts\/6629\" \/>\n\t\t\t<\/p><\/form><\/div><\/div><\/div><\/div><\/div><\/div><\/div><\/div><\/div><\/div>\n<blockquote class=\"wp-block-quote has-text-align-center is-style-large is-layout-flow wp-block-quote-is-layout-flow\"><p><em><strong>Alles, was er will, <\/strong><\/em><br><em><strong>das tut er im Himmel und auf Erden, <\/strong><\/em><br><em><strong>im Meer und in allen Tiefen.<\/strong><\/em><\/p><cite>Psalm 135:6<\/cite><\/blockquote>\n\n\n\n<h1 class=\"wp-block-heading\"><img loading=\"lazy\" decoding=\"async\" src=\"https:\/\/www.lebenistmehr.de\/navig\/lim_pics\/s_leitvers.gif\" alt=\"Leitvers\" width=\"26\" height=\"37\"> Was hat Corona mit Gott zu tun?<\/h1>\n\n\n\n<p class=\"wp-block-paragraph\">Nie zuvor hat eine Krankheit die ganze Welt in die Knie gezwungen wie im Fr\u00fchjahr 2020, aber das Corona-Virus brachte das \u00f6ffentliche Leben zum Stillstand. Veranstaltungen wurden abgesagt, Universit\u00e4ten, Schulen und Kitas geschlossen. Fu\u00dfballspiele fanden vor leeren R\u00e4ngen statt. Gottesdienste waren verboten &#8211; das gab es noch nicht einmal in Kriegszeiten. Eine hochmobile Gesellschaft, bei der weltweit pro Tag 130 000 Flugzeuge mit 12 Millionen Passagieren die Kontinente verbinden, befand sich pl\u00f6tzlich im Stand-by-Modus. <\/p>\n\n\n\n<div class=\"wp-block-image\"><figure class=\"aligncenter size-large\"><img loading=\"lazy\" decoding=\"async\" width=\"1024\" height=\"371\" src=\"https:\/\/glaube.synology.me\/wordpress\/wp-content\/uploads\/2021\/04\/2021-04-28_18h49_35-1024x371.jpg\" alt=\"\" class=\"wp-image-6630\" srcset=\"https:\/\/glaube.synology.me\/wordpress\/wp-content\/uploads\/2021\/04\/2021-04-28_18h49_35-1024x371.jpg 1024w, https:\/\/glaube.synology.me\/wordpress\/wp-content\/uploads\/2021\/04\/2021-04-28_18h49_35-300x109.jpg 300w, https:\/\/glaube.synology.me\/wordpress\/wp-content\/uploads\/2021\/04\/2021-04-28_18h49_35-768x278.jpg 768w, https:\/\/glaube.synology.me\/wordpress\/wp-content\/uploads\/2021\/04\/2021-04-28_18h49_35-1536x557.jpg 1536w, https:\/\/glaube.synology.me\/wordpress\/wp-content\/uploads\/2021\/04\/2021-04-28_18h49_35.jpg 1633w\" sizes=\"auto, (max-width: 1024px) 100vw, 1024px\" \/><\/figure><\/div>\n\n\n\n<p class=\"wp-block-paragraph\">Dies war ein so gravierender Einschnitt, dass jeder auf dem gesamten Globus darin einbezogen wurde. Die Wucht, mit der die Menschheit pl\u00f6tzlich von allem betroffen war, stellte sogar die Klimadebatte in den Schatten. Das florierende wirtschaftliche und gesellschaftliche Leben war lahmgelegt und verlagerte sich hinter verschlossene T\u00fcren oder ins Internet. Nie zuvor in unserer Geschichte wurden Freiheitsrechte, die wir als so elementar wahrgenommen haben &#8211; wenn auch als gesundheitliche Vorsichtsma\u00dfnahmen &#8211; schrittweise eingeschr\u00e4nkt. Gibt es hierf\u00fcr eine Erkl\u00e4rung?<\/p>\n\n\n\n<div class=\"wp-block-image\"><figure class=\"aligncenter size-large\"><img loading=\"lazy\" decoding=\"async\" width=\"783\" height=\"612\" src=\"https:\/\/glaube.synology.me\/wordpress\/wp-content\/uploads\/2021\/04\/2021-04-29_10h39_18.jpg\" alt=\"\" class=\"wp-image-6641\" srcset=\"https:\/\/glaube.synology.me\/wordpress\/wp-content\/uploads\/2021\/04\/2021-04-29_10h39_18.jpg 783w, https:\/\/glaube.synology.me\/wordpress\/wp-content\/uploads\/2021\/04\/2021-04-29_10h39_18-300x234.jpg 300w, https:\/\/glaube.synology.me\/wordpress\/wp-content\/uploads\/2021\/04\/2021-04-29_10h39_18-768x600.jpg 768w\" sizes=\"auto, (max-width: 783px) 100vw, 783px\" \/><\/figure><\/div>\n\n\n\n<p class=\"wp-block-paragraph\">Wer diese Welt mit all den schlimmen Dingen interpretieren will und dabei den S\u00fcndenfall am Anfang der Menschheitsgeschichte ignoriert, gelangt stets zu Fehldeutungen. Wir leben seitdem in einer gefallenen Welt, in der unser Leben eine 100-prozentige Sterblichkeitsrate aufweist. Alle Versuche, hier ein irdisches Paradies zu bauen, sind stets misslungen. Der Grund daf\u00fcr ist die S\u00fcnde mit ihrem Gesetz: \u00bbDer S\u00fcnde Sold ist der Tod\u00ab (R\u00f6mer 6:23). Darum gibt es in dieser Welt so viele Kriege, so viel Hass, so viele Krankheiten und den Tod. In diesen Corona-Zeiten wird uns dies ganz neu bewusst.<\/p>\n\n\n\n<hr class=\"wp-block-separator\"\/>\n\n\n\n<p class=\"has-text-align-center wp-block-paragraph\"><img loading=\"lazy\" decoding=\"async\" src=\"https:\/\/www.lebenistmehr.de\/navig\/lim_pics\/s_frage.gif\" alt=\"Frage\" width=\"18\" height=\"28\"> Macht Ihnen die Corona-Krise Angst?<br><img loading=\"lazy\" decoding=\"async\" src=\"https:\/\/www.lebenistmehr.de\/navig\/lim_pics\/s_tipp.gif\" alt=\"Tipp\" width=\"16\" height=\"29\"> Jesus ist in jeder Situation f\u00fcr uns zust\u00e4ndig.<\/p>\n\n\n\n<p class=\"has-text-align-center wp-block-paragraph\"><img loading=\"lazy\" decoding=\"async\" src=\"https:\/\/www.lebenistmehr.de\/navig\/lim_pics\/s_bibellese.gif\" alt=\"Bibellese\" width=\"35\" height=\"31\"> Johannes 16:32<\/p>\n\n\n\n<blockquote class=\"wp-block-quote has-text-align-center is-style-large is-layout-flow wp-block-quote-is-layout-flow\"><p><em><strong>Gott ist unsere Zuversicht und St\u00e4rke, <\/strong><\/em><br><em><strong>eine Hilfe in den gro\u00dfen N\u00f6ten, <\/strong><\/em><br><em><strong>die uns getroffen haben.<\/strong><\/em><\/p><cite>Psalm 46:2<\/cite><\/blockquote>\n\n\n\n<p class=\"wp-block-paragraph\">In unserer Zeit ist es \u00fcblich geworden, nur noch einseitig von der Liebe Gottes zu predigen; die Gerichte Gottes werden weithin ausgeklammert. Die Bibel hingegen zeigt uns, dass die Sintflut mit Millionen von Toten von Gott verursacht wurde, ebenso der Untergang von Sodom und Gomorrha oder die Zerstreuung des Volkes Israel in alle Welt. Dies w\u00e4re also nicht die erste Katastrophe, die \u00fcber die ganze Welt hereinbricht und auf Gott zur\u00fcckgef\u00fchrt werden kann.<\/p>\n\n\n\n<div class=\"wp-block-image\"><figure class=\"aligncenter size-large\"><img loading=\"lazy\" decoding=\"async\" width=\"914\" height=\"435\" src=\"https:\/\/glaube.synology.me\/wordpress\/wp-content\/uploads\/2021\/04\/2021-04-28_19h02_33.jpg\" alt=\"\" class=\"wp-image-6632\" srcset=\"https:\/\/glaube.synology.me\/wordpress\/wp-content\/uploads\/2021\/04\/2021-04-28_19h02_33.jpg 914w, https:\/\/glaube.synology.me\/wordpress\/wp-content\/uploads\/2021\/04\/2021-04-28_19h02_33-300x143.jpg 300w, https:\/\/glaube.synology.me\/wordpress\/wp-content\/uploads\/2021\/04\/2021-04-28_19h02_33-768x366.jpg 768w\" sizes=\"auto, (max-width: 914px) 100vw, 914px\" \/><\/figure><\/div>\n\n\n\n<p class=\"wp-block-paragraph\">Kann man Gott also in der Corona-Krise so einfach beiseiteschieben, wie das landauf landab Politiker und Kirchenobere taten? So las man seinerzeit in einem Beitrag in \u00bbChrist und Welt\u00ab, Nr. 17 vom 16. April 2020: \u00bbKrankheit ist keine Strafe Gottes &#8211; weder f\u00fcr Einzelne noch f\u00fcr ganze Gesellschaften, Nationen und Kontinente oder gar f\u00fcr die ganze Menschheit. Krankheiten geh\u00f6ren zu unserer menschlichen Natur als verwundbare und zerbrechliche Wesen.\u00ab<\/p>\n\n\n\n<div class=\"wp-block-image\"><figure class=\"aligncenter size-large\"><img loading=\"lazy\" decoding=\"async\" width=\"884\" height=\"348\" src=\"https:\/\/glaube.synology.me\/wordpress\/wp-content\/uploads\/2021\/04\/2021-04-28_19h04_10.jpg\" alt=\"\" class=\"wp-image-6633\" srcset=\"https:\/\/glaube.synology.me\/wordpress\/wp-content\/uploads\/2021\/04\/2021-04-28_19h04_10.jpg 884w, https:\/\/glaube.synology.me\/wordpress\/wp-content\/uploads\/2021\/04\/2021-04-28_19h04_10-300x118.jpg 300w, https:\/\/glaube.synology.me\/wordpress\/wp-content\/uploads\/2021\/04\/2021-04-28_19h04_10-768x302.jpg 768w\" sizes=\"auto, (max-width: 884px) 100vw, 884px\" \/><\/figure><\/div>\n\n\n\n<p class=\"wp-block-paragraph\">Der Gott, der sogar die Haare auf unserem Haupt z\u00e4hlt (Matth\u00e4us 10:30) und der jeden der 10 hoch 25 Sterne mit einem eigenen Namen versieht (Psalm 147:4), den ignorieren wir bei einem so weltweiten Geschehen wie diese Corona-Pandemie? Wo nur sind wir angekommen? Oder haben wir Gott schon f\u00fcr tot erkl\u00e4rt (Nietzsche)?<\/p>\n\n\n\n<p class=\"wp-block-paragraph\">Nichts ist dringender, als die Aussagen der Bibel zu beachten, denn nur von dorther werden wir zu einer angemessenen Beurteilung der Lage kommen. Die Bibel zeigt uns, dass in dieser Welt alles zusammenl\u00e4uft hin zu dem Plan, den Gott gefasst hat, um alles zu seinem Ziel zu bringen. &#8211; Haben wir im Zusammenhang von D\u00fcrrezeiten und \u00dcberschwemmungen schon einmal bedacht, was in Hiob 12:14 steht? \u00bbSiehe, wenn er das Wasser zur\u00fcckh\u00e4lt, so wird alles d\u00fcrr, und wenn er\u2019s losl\u00e4sst, so w\u00fchlt es das Land um.\u00ab<\/p>\n\n\n\n<div class=\"wp-block-image\"><figure class=\"aligncenter size-large\"><img loading=\"lazy\" decoding=\"async\" width=\"898\" height=\"407\" src=\"https:\/\/glaube.synology.me\/wordpress\/wp-content\/uploads\/2021\/04\/2021-04-28_19h05_16.jpg\" alt=\"\" class=\"wp-image-6634\" srcset=\"https:\/\/glaube.synology.me\/wordpress\/wp-content\/uploads\/2021\/04\/2021-04-28_19h05_16.jpg 898w, https:\/\/glaube.synology.me\/wordpress\/wp-content\/uploads\/2021\/04\/2021-04-28_19h05_16-300x136.jpg 300w, https:\/\/glaube.synology.me\/wordpress\/wp-content\/uploads\/2021\/04\/2021-04-28_19h05_16-768x348.jpg 768w\" sizes=\"auto, (max-width: 898px) 100vw, 898px\" \/><\/figure><\/div>\n\n\n\n<hr class=\"wp-block-separator\"\/>\n\n\n\n<p class=\"has-text-align-center wp-block-paragraph\"><img loading=\"lazy\" decoding=\"async\" src=\"https:\/\/www.lebenistmehr.de\/navig\/lim_pics\/s_frage.gif\" alt=\"Frage\" width=\"18\" height=\"28\"> Von welchen Meldungen in unseren Tagen sind Sie am meisten beeinflusst?<br><img loading=\"lazy\" decoding=\"async\" src=\"https:\/\/www.lebenistmehr.de\/navig\/lim_pics\/s_tipp.gif\" alt=\"Tipp\" width=\"16\" height=\"29\"> Erbitten Sie in allen Lagen Hilfe von dem, der Himmel und Erde gemacht hat! <br><img loading=\"lazy\" decoding=\"async\" src=\"https:\/\/www.lebenistmehr.de\/navig\/lim_pics\/s_bibellese.gif\" alt=\"Bibellese\" width=\"35\" height=\"31\">Psalm 121:1-8<\/p>\n\n\n\n<blockquote class=\"wp-block-quote has-text-align-center is-style-large is-layout-flow wp-block-quote-is-layout-flow\"><p><em><strong>Bis hierher sollst du kommen und nicht weiter; <\/strong><\/em><br><em><strong>hier sollen sich legen deine stolzen Wellen!<\/strong><\/em><\/p><cite>Hiob 38:11<\/cite><\/blockquote>\n\n\n\n<p class=\"wp-block-paragraph\">Betrachten wir im Zusammenhang mit unserem Thema nun das Geschehen in Deutschland. Im Jahr 2019 gab es in Deutschland 100 000 Abtreibungen &#8211; nach der Bibel ist das Mord. Die biblische Wahrheit des Sch\u00f6pfungsberichtes haben wir einseitig und fl\u00e4chendeckend durch die wissenschaftlich nicht haltbare Evolutionslehre ersetzt. Ist uns bewusst, was wir damit angerichtet haben? <\/p>\n\n\n\n<p class=\"wp-block-paragraph\">Indem wir sein Wort ablehnen oder f\u00fcr nichtig erkl\u00e4ren, bezichtigen wir Gott der L\u00fcge. Die Klimadiskussion nimmt Z\u00fcge einer Ersatzreligion an. Mit der staatlich sanktionierten \u00bbEhe f\u00fcr alle\u00ab haben wir Gottes Gebot missachtet.<\/p>\n\n\n\n<div class=\"wp-block-image\"><figure class=\"aligncenter size-large\"><img loading=\"lazy\" decoding=\"async\" width=\"1024\" height=\"327\" src=\"https:\/\/glaube.synology.me\/wordpress\/wp-content\/uploads\/2021\/04\/2021-04-28_19h06_22-1024x327.jpg\" alt=\"\" class=\"wp-image-6635\" srcset=\"https:\/\/glaube.synology.me\/wordpress\/wp-content\/uploads\/2021\/04\/2021-04-28_19h06_22-1024x327.jpg 1024w, https:\/\/glaube.synology.me\/wordpress\/wp-content\/uploads\/2021\/04\/2021-04-28_19h06_22-300x96.jpg 300w, https:\/\/glaube.synology.me\/wordpress\/wp-content\/uploads\/2021\/04\/2021-04-28_19h06_22-768x245.jpg 768w, https:\/\/glaube.synology.me\/wordpress\/wp-content\/uploads\/2021\/04\/2021-04-28_19h06_22-1536x490.jpg 1536w, https:\/\/glaube.synology.me\/wordpress\/wp-content\/uploads\/2021\/04\/2021-04-28_19h06_22-2048x653.jpg 2048w\" sizes=\"auto, (max-width: 1024px) 100vw, 1024px\" \/><\/figure><\/div>\n\n\n\n<p class=\"wp-block-paragraph\">Die Liste des s\u00fcndhaften Handelns k\u00f6nnte noch beliebig fortgesetzt werden. Wir tun so, als wenn es Gott gar nicht g\u00e4be. Wir sind ein gottloses Land geworden. Bei einer Meinungsumfrage zum Glauben an Jesus Christus als den gekreuzigten und auferstandenen Herrn, dem man sich in einer pers\u00f6nlichen Entscheidung bewusst zuwenden muss, w\u00fcrde ein JA dazu deutlich unter der 5-Prozent-Klausel bleiben.<\/p>\n\n\n\n<p class=\"wp-block-paragraph\">Sollte Gott zu all dem schweigen? In Galater 6:7 hei\u00dft es: \u00bbIrret euch nicht! Gott l\u00e4sst sich nicht spotten. Denn was der Mensch s\u00e4t, das wird er ernten.\u00ab Gott offenbarte dem K\u00f6nig Salomo in 2. Chronik 7:13-14, dass er es ist, der den Regen zur\u00fcckh\u00e4lt, der eine Heuschreckenplage \u00fcber das Land bringt, der fl\u00e4chendeckende Waldbr\u00e4nde und Tsunamis zul\u00e4sst und der eine Seuche (z. B. Pest, Corona) schickt. Corona hat also doch etwas mit Gott zu tun!<\/p>\n\n\n\n<div class=\"wp-block-image\"><figure class=\"aligncenter size-large\"><img loading=\"lazy\" decoding=\"async\" width=\"1024\" height=\"377\" src=\"https:\/\/glaube.synology.me\/wordpress\/wp-content\/uploads\/2021\/04\/2021-04-28_19h07_31-1024x377.jpg\" alt=\"\" class=\"wp-image-6636\" srcset=\"https:\/\/glaube.synology.me\/wordpress\/wp-content\/uploads\/2021\/04\/2021-04-28_19h07_31-1024x377.jpg 1024w, https:\/\/glaube.synology.me\/wordpress\/wp-content\/uploads\/2021\/04\/2021-04-28_19h07_31-300x110.jpg 300w, https:\/\/glaube.synology.me\/wordpress\/wp-content\/uploads\/2021\/04\/2021-04-28_19h07_31-768x283.jpg 768w, https:\/\/glaube.synology.me\/wordpress\/wp-content\/uploads\/2021\/04\/2021-04-28_19h07_31.jpg 1380w\" sizes=\"auto, (max-width: 1024px) 100vw, 1024px\" \/><\/figure><\/div>\n\n\n\n<p class=\"wp-block-paragraph\">Es erstaunt uns sehr, dass Gott sich als Verursacher von Ungl\u00fccksf\u00e4llen, Unheil, Seuchen u. a. vorstellt. Diese Aussage ruft im ersten Augenblick unser Entsetzen hervor. Das passt gar nicht so recht in unsere verniedlichende Vorstellung \u00bbvom lieben Gott\u00ab. Aber mit diesem Gott haben wir es zu tun.<\/p>\n\n\n\n<hr class=\"wp-block-separator\"\/>\n\n\n\n<p class=\"has-text-align-center wp-block-paragraph\"><img loading=\"lazy\" decoding=\"async\" src=\"https:\/\/www.lebenistmehr.de\/navig\/lim_pics\/s_frage.gif\" alt=\"Frage\" width=\"18\" height=\"28\"> Glauben Sie allem, was geschrieben steht? <br><img loading=\"lazy\" decoding=\"async\" src=\"https:\/\/www.lebenistmehr.de\/navig\/lim_pics\/s_tipp.gif\" alt=\"Tipp\" width=\"16\" height=\"29\"> Beten Sie, dass Gott dem ein Ende setzt, was Ihnen Not macht! <br><img loading=\"lazy\" decoding=\"async\" src=\"https:\/\/www.lebenistmehr.de\/navig\/lim_pics\/s_bibellese.gif\" alt=\"Bibellese\" width=\"35\" height=\"31\">Johannes 14,13-14<\/p>\n\n\n\n<blockquote class=\"wp-block-quote has-text-align-center is-style-large is-layout-flow wp-block-quote-is-layout-flow\"><p><em>F\u00fcrchte dich nicht! <\/em><br><em>Ich bin der Erste und der Letzte <\/em><br><em>und der Lebendige.<\/em><\/p><cite>Offenbarung 1:17-18<\/cite><\/blockquote>\n\n\n\n<p class=\"wp-block-paragraph\">So kann man nach all den vorangegangenen \u00dcberlegungen Folgendes sagen: Gott auszuklammern, w\u00e4re die absolut falsche L\u00f6sung. Wir sind mit seinem Handeln in dieser Welt konfrontiert, aber wir k\u00f6nnen es nicht eindeutig entschl\u00fcsseln. Drei Antworten scheinen mir m\u00f6glich: <\/p>\n\n\n\n<p class=\"wp-block-paragraph\"><strong><mark>1. Es ist ein Gericht \u00fcber eine weithin gottlos gewordene Welt. <\/mark><\/strong><\/p>\n\n\n\n<p class=\"wp-block-paragraph\"><strong><mark>2. Es ist ein Ruf Gottes zur Umkehr, damit wir Rettung in Jesus finden. <\/mark><\/strong><\/p>\n\n\n\n<p class=\"wp-block-paragraph\"><strong><mark>3. Es ist ein Zeichen der baldigen Wiederkehr Jesu. Jesus sagt, dass seinem Kommen die Wehen vorangehen (Matth\u00e4us 24:8).<\/mark><\/strong><\/p>\n\n\n\n<p class=\"wp-block-paragraph\">Was lernen wir von dieser Corona-Krise? Es ist unsere Beobachtung, dass dieses Geschehen die gesamte Welt betraf. Kein Land und keine Personengruppe war ausgenommen &#8211; es traf Christen und Atheisten, Muslime und Hinduisten, Junge und Alte, Arme und Reiche, Gesunde und Vorerkrankte, kurz: jeden Erdenb\u00fcrger!<\/p>\n\n\n\n<div class=\"wp-block-image\"><figure class=\"aligncenter size-large\"><img loading=\"lazy\" decoding=\"async\" width=\"1024\" height=\"347\" src=\"https:\/\/glaube.synology.me\/wordpress\/wp-content\/uploads\/2021\/04\/grafik-19-1024x347.png\" alt=\"\" class=\"wp-image-6643\" srcset=\"https:\/\/glaube.synology.me\/wordpress\/wp-content\/uploads\/2021\/04\/grafik-19-1024x347.png 1024w, https:\/\/glaube.synology.me\/wordpress\/wp-content\/uploads\/2021\/04\/grafik-19-300x102.png 300w, https:\/\/glaube.synology.me\/wordpress\/wp-content\/uploads\/2021\/04\/grafik-19-768x260.png 768w, https:\/\/glaube.synology.me\/wordpress\/wp-content\/uploads\/2021\/04\/grafik-19.png 1133w\" sizes=\"auto, (max-width: 1024px) 100vw, 1024px\" \/><\/figure><\/div>\n\n\n\n<p class=\"wp-block-paragraph\">Wenn Gott so universell zu jedem von uns spricht, dann stellt sich die Frage: Gibt es eine biblische Botschaft, die ebenfalls jeden Erdenb\u00fcrger betrifft? Darauf gibt uns die Bibel eine sehr eindeutige und unmissverst\u00e4ndliche Antwort, wie z. B.: <\/p>\n\n\n\n<p class=\"wp-block-paragraph\"><strong><mark>\u00bbGott will, dass allen Menschen geholfen werde und sie zur Erkenntnis der Wahrheit kommen\u00ab<\/mark><\/strong> (1. Timotheus 2:4) <\/p>\n\n\n\n<p class=\"wp-block-paragraph\">und: <strong><mark>\u00bbSo tut nun Bu\u00dfe und bekehrt euch, dass eure S\u00fcnden getilgt werden\u00ab<\/mark><\/strong> (Apostelgeschichte 3:19).<\/p>\n\n\n\n<p class=\"wp-block-paragraph\">Die S\u00fcnde ist wie ein heimt\u00fcckischer Virus. Sie bringt uns nicht nur den leiblichen, sondern den ewigen Tod (H\u00f6lle). Weil Gott die Liebe in Person ist (1. Johannes 4:16), will er uns heilen &#8211; wer immer wir auch sind. Durch Jesu Tod und Auferstehung ist die Medizin gegen das S\u00fcndenvirus gefunden. Nun hei\u00dft die kurzgefasste rettende Botschaft: \u00bbWer an den Sohn (Gottes) glaubt, der hat das ewige Leben\u00ab (Johannes 3:36).<\/p>\n\n\n\n<div class=\"wp-block-image\"><figure class=\"aligncenter size-large\"><img loading=\"lazy\" decoding=\"async\" width=\"1024\" height=\"450\" src=\"https:\/\/glaube.synology.me\/wordpress\/wp-content\/uploads\/2021\/04\/2021-04-28_19h09_23-1024x450.jpg\" alt=\"\" class=\"wp-image-6638\" srcset=\"https:\/\/glaube.synology.me\/wordpress\/wp-content\/uploads\/2021\/04\/2021-04-28_19h09_23-1024x450.jpg 1024w, https:\/\/glaube.synology.me\/wordpress\/wp-content\/uploads\/2021\/04\/2021-04-28_19h09_23-300x132.jpg 300w, https:\/\/glaube.synology.me\/wordpress\/wp-content\/uploads\/2021\/04\/2021-04-28_19h09_23-768x338.jpg 768w, https:\/\/glaube.synology.me\/wordpress\/wp-content\/uploads\/2021\/04\/2021-04-28_19h09_23.jpg 1421w\" sizes=\"auto, (max-width: 1024px) 100vw, 1024px\" \/><\/figure><\/div>\n\n\n\n<hr class=\"wp-block-separator\"\/>\n\n\n\n<p class=\"has-text-align-center wp-block-paragraph\"><img loading=\"lazy\" decoding=\"async\" src=\"https:\/\/www.lebenistmehr.de\/navig\/lim_pics\/s_frage.gif\" alt=\"Frage\" width=\"18\" height=\"28\"> Haben Sie diesem Jesus die Verfehlungen Ihres Lebens bekannt und ihn gebeten, in Ihr Leben einzutreten? <br><img loading=\"lazy\" decoding=\"async\" src=\"https:\/\/www.lebenistmehr.de\/navig\/lim_pics\/s_tipp.gif\" alt=\"Tipp\" width=\"16\" height=\"29\"> Nur dann wird man heil und gewinnt den Himmel. <br><img loading=\"lazy\" decoding=\"async\" src=\"https:\/\/www.lebenistmehr.de\/navig\/lim_pics\/s_bibellese.gif\" alt=\"Bibellese\" width=\"35\" height=\"31\">Matth\u00e4us 24:30<\/p>\n\n\n\n<p class=\"wp-block-paragraph\">Herkunft , aus der App: &#8222;Leben ist mehr&#8220; <\/p>\n\n\n\n<div class=\"wp-block-group is-layout-flow wp-block-group-is-layout-flow\">\n<div class=\"wp-block-buttons is-layout-flex wp-block-buttons-is-layout-flex\">\n<div class=\"wp-block-button\"><a class=\"wp-block-button__link has-black-background-color has-text-color has-background wp-element-button\" href=\"https:\/\/glaube.synology.me\/wordpress\/\" style=\"color:#faeb00\">Zur\u00fcck zur Startseite<\/a><\/div>\n<\/div>\n\n\n\n<hr class=\"wp-block-separator has-css-opacity is-style-wide\"\/>\n<\/div>\n\n\n\n<p class=\"wp-block-paragraph\"><\/p>\n","protected":false},"excerpt":{"rendered":"<div data-object_id=\"6629\" class=\"cbxwpbkmarkwrap cbxwpbkmarkwrap_guest cbxwpbkmarkwrap_user_cat cbxwpbkmarkwrap-post \"><a role=\"button\"  data-redirect-url=\"https:\/\/glaube.synology.me\/wordpress\/wp-json\/wp\/v2\/posts\/6629\"  data-display-label=\"1\" data-show-count=\"1\" data-bookmark-label=\"MERKEN\"  data-bookmarked-label=\"GEMERKT\"  data-loggedin=\"0\" data-type=\"post\" data-object_id=\"6629\" class=\"cbxwpbkmarktrig  cbxwpbkmarktrig-button-addto ld-ext-left\" title=\"Bookmark This\" href=\"#\"><span class=\"cbxwpbkmarktrig-icon\"><\/span><span class=\"ld ld-ring ld-spin\"><\/span><span class=\"cbxwpbkmarktrig-label\" >MERKEN (<i class=\"cbxwpbkmarktrig-count\">0<\/i>)<\/span><\/a> <div  data-type=\"post\" data-object_id=\"6629\" class=\"cbxwpbkmarkguestwrap\" id=\"cbxwpbkmarkguestwrap-6629\"><div class=\"cbxwpbkmarkguest-message\"><div class=\"cbxwpbkmarkguest-message-head\"><span class=\"cbxwpbkmarkguest-message-head-label\">Please login to bookmark<\/span><a class=\"cbxwpbkmarkguesttrig_close\" role=\"button\" title=\"Click to close bookmark panel\/modal\" href=\"#\" ><i class=\"cbx-icon\"><?xml version=\"1.0\" encoding=\"utf-8\"?>\n<svg xmlns=\"http:\/\/www.w3.org\/2000\/svg\" viewBox=\"0 0 24 24\" fill=\"none\" stroke=\"currentColor\" stroke-width=\"2\" stroke-linecap=\"round\" stroke-linejoin=\"round\"><line x1=\"18\" y1=\"6\" x2=\"6\" y2=\"18\"><\/line><line x1=\"6\" y1=\"6\" x2=\"18\" y2=\"18\"><\/line><\/svg><\/i><i class=\"sr-only\">Close<\/i><\/a><\/div><div class=\"cbxwpbkmarkguest-content\">\n<div class=\"cbx-chota\"><div class=\"container\"><div class=\"row\"><div class=\"col-12\"><div class=\"cbx-guest-wrap cbxwpbookmark-guest-wrap\"><div class=\"cbx-guest-login-wrap cbxwpbookmark-guest-login-wrap\"><form name=\"loginform\" id=\"loginform\" action=\"https:\/\/glaube.synology.me\/wordpress\/wp-login.php\" method=\"post\"><p class=\"login-username\">\n\t\t\t\t<label for=\"user_login\">Benutzername oder E-Mail-Adresse<\/label>\n\t\t\t\t<input type=\"text\" name=\"log\" id=\"user_login\" autocomplete=\"username\" class=\"input\" value=\"\" size=\"20\" \/>\n\t\t\t<\/p><p class=\"login-password\">\n\t\t\t\t<label for=\"user_pass\">Passwort<\/label>\n\t\t\t\t<input type=\"password\" name=\"pwd\" id=\"user_pass\" autocomplete=\"current-password\" spellcheck=\"false\" class=\"input\" value=\"\" size=\"20\" \/>\n\t\t\t<\/p><p class=\"login-remember\"><label><input name=\"rememberme\" type=\"checkbox\" id=\"rememberme\" value=\"forever\" \/> Angemeldet bleiben<\/label><\/p><p class=\"login-submit\">\n\t\t\t\t<input type=\"submit\" name=\"wp-submit\" id=\"wp-submit\" class=\"button button-primary\" value=\"Anmelden\" \/>\n\t\t\t\t<input type=\"hidden\" name=\"redirect_to\" value=\"https:\/\/glaube.synology.me\/wordpress\/wp-json\/wp\/v2\/posts\/6629\" \/>\n\t\t\t<\/p><\/form><\/div><\/div><\/div><\/div><\/div><\/div><\/div><\/div><\/div><\/div><p><span class=\"span-reading-time rt-reading-time\" style=\"display: block;\"><span class=\"rt-label rt-prefix\">Lesezeit:<\/span> <span class=\"rt-time\"> 6<\/span> <span class=\"rt-label rt-postfix\">Minuten<\/span><\/span>\u00bbGott will, dass allen Menschen geholfen werde und sie zur Erkenntnis der Wahrheit kommen\u00ab<\/p>\n","protected":false},"author":1,"featured_media":6645,"comment_status":"open","ping_status":"closed","sticky":false,"template":"","format":"standard","meta":{"_crdt_document":"","pgc_sgb_lightbox_settings":"","_themeisle_gutenberg_block_has_review":false,"_kad_post_transparent":"","_kad_post_title":"","_kad_post_layout":"","_kad_post_sidebar_id":"","_kad_post_content_style":"","_kad_post_vertical_padding":"","_kad_post_feature":"","_kad_post_feature_position":"","_kad_post_header":false,"_kad_post_footer":false,"footnotes":""},"categories":[8,32],"tags":[36,183,90,98,2,51,24,66,34,20,136],"class_list":["post-6629","post","type-post","status-publish","format-standard","has-post-thumbnail","hentry","category-andachten","category-gedanken","tag-apostelgeschichte","tag-chronik","tag-galater","tag-hiob","tag-jesus","tag-johannes","tag-matthaeus","tag-offenbarung","tag-psalm","tag-roemer","tag-timotheus"],"_links":{"self":[{"href":"https:\/\/glaube.synology.me\/wordpress\/wp-json\/wp\/v2\/posts\/6629","targetHints":{"allow":["GET"]}}],"collection":[{"href":"https:\/\/glaube.synology.me\/wordpress\/wp-json\/wp\/v2\/posts"}],"about":[{"href":"https:\/\/glaube.synology.me\/wordpress\/wp-json\/wp\/v2\/types\/post"}],"author":[{"embeddable":true,"href":"https:\/\/glaube.synology.me\/wordpress\/wp-json\/wp\/v2\/users\/1"}],"replies":[{"embeddable":true,"href":"https:\/\/glaube.synology.me\/wordpress\/wp-json\/wp\/v2\/comments?post=6629"}],"version-history":[{"count":0,"href":"https:\/\/glaube.synology.me\/wordpress\/wp-json\/wp\/v2\/posts\/6629\/revisions"}],"wp:featuredmedia":[{"embeddable":true,"href":"https:\/\/glaube.synology.me\/wordpress\/wp-json\/wp\/v2\/media\/6645"}],"wp:attachment":[{"href":"https:\/\/glaube.synology.me\/wordpress\/wp-json\/wp\/v2\/media?parent=6629"}],"wp:term":[{"taxonomy":"category","embeddable":true,"href":"https:\/\/glaube.synology.me\/wordpress\/wp-json\/wp\/v2\/categories?post=6629"},{"taxonomy":"post_tag","embeddable":true,"href":"https:\/\/glaube.synology.me\/wordpress\/wp-json\/wp\/v2\/tags?post=6629"}],"curies":[{"name":"wp","href":"https:\/\/api.w.org\/{rel}","templated":true}]}}