{"id":9084,"date":"2022-01-01T14:37:45","date_gmt":"2022-01-01T13:37:45","guid":{"rendered":"https:\/\/glaube.synology.me\/wordpress\/?p=9084"},"modified":"2022-01-01T14:37:52","modified_gmt":"2022-01-01T13:37:52","slug":"dem-leben-nachjagen","status":"publish","type":"post","link":"https:\/\/glaube.synology.me\/wordpress\/dem-leben-nachjagen\/","title":{"rendered":"Dem Leben nachjagen ?"},"content":{"rendered":"<span class=\"span-reading-time rt-reading-time\" style=\"display: block;\"><span class=\"rt-label rt-prefix\">Lesezeit:<\/span> <span class=\"rt-time\"> 7<\/span> <span class=\"rt-label rt-postfix\">Minuten<\/span><\/span><div data-object_id=\"9084\" class=\"cbxwpbkmarkwrap cbxwpbkmarkwrap_guest cbxwpbkmarkwrap_user_cat cbxwpbkmarkwrap-post \"><a role=\"button\"  data-redirect-url=\"https:\/\/glaube.synology.me\/wordpress\/wp-json\/wp\/v2\/posts\/9084\"  data-display-label=\"1\" data-show-count=\"1\" data-bookmark-label=\"MERKEN\"  data-bookmarked-label=\"GEMERKT\"  data-loggedin=\"0\" data-type=\"post\" data-object_id=\"9084\" class=\"cbxwpbkmarktrig  cbxwpbkmarktrig-button-addto ld-ext-left\" title=\"Bookmark This\" href=\"#\"><span class=\"cbxwpbkmarktrig-icon\"><\/span><span class=\"ld ld-ring ld-spin\"><\/span><span class=\"cbxwpbkmarktrig-label\" >MERKEN (<i class=\"cbxwpbkmarktrig-count\">0<\/i>)<\/span><\/a> <div  data-type=\"post\" data-object_id=\"9084\" class=\"cbxwpbkmarkguestwrap\" id=\"cbxwpbkmarkguestwrap-9084\"><div class=\"cbxwpbkmarkguest-message\"><div class=\"cbxwpbkmarkguest-message-head\"><span class=\"cbxwpbkmarkguest-message-head-label\">Please login to bookmark<\/span><a class=\"cbxwpbkmarkguesttrig_close\" role=\"button\" title=\"Click to close bookmark panel\/modal\" href=\"#\" ><i class=\"cbx-icon\"><?xml version=\"1.0\" encoding=\"utf-8\"?>\n<svg xmlns=\"http:\/\/www.w3.org\/2000\/svg\" viewBox=\"0 0 24 24\" fill=\"none\" stroke=\"currentColor\" stroke-width=\"2\" stroke-linecap=\"round\" stroke-linejoin=\"round\"><line x1=\"18\" y1=\"6\" x2=\"6\" y2=\"18\"><\/line><line x1=\"6\" y1=\"6\" x2=\"18\" y2=\"18\"><\/line><\/svg><\/i><i class=\"sr-only\">Close<\/i><\/a><\/div><div class=\"cbxwpbkmarkguest-content\">\n<div class=\"cbx-chota\"><div class=\"container\"><div class=\"row\"><div class=\"col-12\"><div class=\"cbx-guest-wrap cbxwpbookmark-guest-wrap\"><div class=\"cbx-guest-login-wrap cbxwpbookmark-guest-login-wrap\"><form name=\"loginform\" id=\"loginform\" action=\"https:\/\/glaube.synology.me\/wordpress\/wp-login.php\" method=\"post\"><p class=\"login-username\">\n\t\t\t\t<label for=\"user_login\">Benutzername oder E-Mail-Adresse<\/label>\n\t\t\t\t<input type=\"text\" name=\"log\" id=\"user_login\" autocomplete=\"username\" class=\"input\" value=\"\" size=\"20\" \/>\n\t\t\t<\/p><p class=\"login-password\">\n\t\t\t\t<label for=\"user_pass\">Passwort<\/label>\n\t\t\t\t<input type=\"password\" name=\"pwd\" id=\"user_pass\" autocomplete=\"current-password\" spellcheck=\"false\" class=\"input\" value=\"\" size=\"20\" \/>\n\t\t\t<\/p><p class=\"login-remember\"><label><input name=\"rememberme\" type=\"checkbox\" id=\"rememberme\" value=\"forever\" \/> Angemeldet bleiben<\/label><\/p><p class=\"login-submit\">\n\t\t\t\t<input type=\"submit\" name=\"wp-submit\" id=\"wp-submit\" class=\"button button-primary\" value=\"Anmelden\" \/>\n\t\t\t\t<input type=\"hidden\" name=\"redirect_to\" value=\"https:\/\/glaube.synology.me\/wordpress\/wp-json\/wp\/v2\/posts\/9084\" \/>\n\t\t\t<\/p><\/form><\/div><\/div><\/div><\/div><\/div><\/div><\/div><\/div><\/div><\/div>\n<h1 class=\"wp-block-heading\" id=\"leben-verloren-und-bewahrt\">Leben \u2013 verloren und bewahrt<\/h1>\n\n\n\n<p class=\"wp-block-paragraph\"><strong>\u201eVerbringen wir unsere Tage damit, dem Leben nachzujagen, das wir am Ende sicher verlieren werden, oder ergreifen wir das Leben, das bleibt und das allein wirkliches Leben ist?\u201c<\/strong><\/p>\n\n\n\n<p class=\"wp-block-paragraph\">\u201eWahrlich, wahrlich, ich sage euch: Wenn das Weizenkorn nicht in die Erde f\u00e4llt und stirbt, bleibt es allein; wenn es aber stirbt, bringt es viel Frucht. Wer sein Leben lieb hat, wird es verlieren; und wer sein Leben in dieser Welt hasst, wird es zum ewigen Leben bewahren. Wenn mir jemand dient, so folge er mir nach; und wo <em><strong>ich<\/strong><\/em> bin, da wird auch<strong> <em>mein<\/em><\/strong> Diener sein. Wenn jemand mir dient, so wird der Vater ihn ehren.\u201c (Johannes 12:24-26)<\/p>\n\n\n\n<figure class=\"wp-block-image size-large\"><img loading=\"lazy\" decoding=\"async\" width=\"1024\" height=\"292\" src=\"https:\/\/glaube.synology.me\/wordpress\/wp-content\/uploads\/2022\/01\/grafik-1024x292.png\" alt=\"\" class=\"wp-image-9094\" srcset=\"https:\/\/glaube.synology.me\/wordpress\/wp-content\/uploads\/2022\/01\/grafik-1024x292.png 1024w, https:\/\/glaube.synology.me\/wordpress\/wp-content\/uploads\/2022\/01\/grafik-300x85.png 300w, https:\/\/glaube.synology.me\/wordpress\/wp-content\/uploads\/2022\/01\/grafik-768x219.png 768w, https:\/\/glaube.synology.me\/wordpress\/wp-content\/uploads\/2022\/01\/grafik.png 1117w\" sizes=\"auto, (max-width: 1024px) 100vw, 1024px\" \/><\/figure>\n\n\n\n<p class=\"wp-block-paragraph\"><strong>Nur drei Verse wollen wir anschauen: <\/strong><\/p>\n\n\n\n<h6 class=\"wp-block-heading\" id=\"der-erste-zeigt-uns-gleichnishaft-oder-sinnbildlich-die-tatsache-und-notwendigkeit-des-todes-des-herrn\">Der erste zeigt uns gleichnishaft oder sinnbildlich die Tatsache und Notwendigkeit des Todes des Herrn. <\/h6>\n\n\n\n<h6 class=\"wp-block-heading\" id=\"der-mittlere-vers-zeigt-uns-zwei-wege-die-sich-infolge-seiner-ablehnung-und-seines-todes-vor-uns-offnen-und-weist-uns-den-einzigen-weg-der-zu-wahrem-christlichem-leben-fuhrt\">Der mittlere Vers zeigt uns zwei Wege, die sich infolge Seiner Ablehnung und Seines Todes vor uns \u00f6ffnen, und weist uns den einzigen Weg, der zu wahrem christlichem Leben f\u00fchrt. <\/h6>\n\n\n\n<h6 class=\"wp-block-heading\" id=\"der-letzte-vers-zeigt-uns-kurz-gesagt-was-dieses-leben-wirklich-ist-was-ihm-vorausgehen-muss-und-zu-welchem-herrlichen-ende-es-fuhrt\">Der letzte Vers zeigt uns kurz gesagt, was dieses Leben wirklich ist, was ihm vorausgehen muss und zu welchem herrlichen Ende es f\u00fchrt.<\/h6>\n\n\n\n<p class=\"wp-block-paragraph\">Unser Herr Jesus liebte, als das wahre Weizenkorn, Sein Leben nicht &#8211; jenes Leben, dass Er unter uns als Mensch in s\u00fcndloser Vollkommenheit f\u00fchrte -, sondern legte es in den Tod, um das Auferstehungsleben aufzunehmen, das ewig sein sollte, und worin eine Vielzahl von Menschen als Frucht gefunden w\u00fcrde, von derselben Ordnung wie Er selbst. Diese Feststellung von Vers 24 ist die Basis f\u00fcr die darauf folgenden Verse.<\/p>\n\n\n\n<p class=\"wp-block-paragraph\">Nun m\u00f6chte ich die Aufmerksamkeit auf Johannes 12:25 lenken, eine sehr bemerkenswerte und wichtige \u00c4u\u00dferung unseres Herrn. Von all Seinen wunderbaren Worten, die in den Evangelien aufgeschrieben sind, ist dies, soweit ich wei\u00df, die einzige, die (mit leichten Ver\u00e4nderungen) nicht weniger als sechs Mal wiederholt wird. <\/p>\n\n\n\n<p class=\"wp-block-paragraph\">Lies die folgenden Abschnitte: Matth\u00e4us 10:39; 16,25; Markus 8:35; Lukas 9:24; Lukas 17:33. Zusammen mit Johannes 12 sind es sechs Abschnitte. Drei von diesen, das sei kurz erw\u00e4hnt, sind Aufzeichnungen derselben \u00c4u\u00dferung unmittelbar vor Seiner Verkl\u00e4rung. Die anderen sind Aufzeichnungen von dem, was Er an anderen und unterschiedlichen Begebenheiten sagte. Es ist also offensichtlich, dass Er dieser Wahrheit bei vier Gelegenheiten Nachdruck verleiht:<\/p>\n\n\n\n<h6 class=\"wp-block-heading\" id=\"bei-der-berufung-seiner-zwolf-junger-kurz-vor-seiner-verklarung-als-er-eine-prophetischen-rede-hielt-kurz-vor-dem-ende-seines-dienstes-und-wenige-tage-vor-seinem-tod\">Bei der Berufung Seiner zw\u00f6lf Junger, <\/h6>\n\n\n\n<h6 class=\"wp-block-heading\" id=\"bei-der-berufung-seiner-zwolf-junger-kurz-vor-seiner-verklarung-als-er-eine-prophetischen-rede-hielt-kurz-vor-dem-ende-seines-dienstes-und-wenige-tage-vor-seinem-tod\">Kurz vor Seiner Verkl\u00e4rung, <\/h6>\n\n\n\n<h6 class=\"wp-block-heading\" id=\"bei-der-berufung-seiner-zwolf-junger-kurz-vor-seiner-verklarung-als-er-eine-prophetischen-rede-hielt-kurz-vor-dem-ende-seines-dienstes-und-wenige-tage-vor-seinem-tod\">Als Er eine prophetischen Rede hielt, kurz vor dem Ende Seines Dienstes <\/h6>\n\n\n\n<h6 class=\"wp-block-heading\" id=\"bei-der-berufung-seiner-zwolf-junger-kurz-vor-seiner-verklarung-als-er-eine-prophetischen-rede-hielt-kurz-vor-dem-ende-seines-dienstes-und-wenige-tage-vor-seinem-tod\">und Wenige Tage vor Seinem Tod.<\/h6>\n\n\n\n<p class=\"wp-block-paragraph\">Jedes Wort, das Er \u00e4u\u00dferte, verdient unsere tiefste Beachtung, aber ein Wort, das Er in dieser Weise wiederholte, und das in der Schrift sechs Mal erw\u00e4hnt wird, muss unser Herz besonders ansprechen, wobei wir glauben, dass alle Schrift von Gott eingegeben ist. Wir vermuten sofort, dass es mit dieser \u00c4u\u00dferung etwas ganz Besonderes auf sich hat, und diese Vermutung best\u00e4tigt sich nach n\u00e4herer Untersuchung. Diese \u00c4u\u00dferung des Herrn ist wie ein Schl\u00fcssel, der uns das wahre und echte christliche Leben er\u00f6ffnet.<\/p>\n\n\n\n<figure class=\"wp-block-image size-large\"><img loading=\"lazy\" decoding=\"async\" width=\"1024\" height=\"335\" src=\"https:\/\/glaube.synology.me\/wordpress\/wp-content\/uploads\/2022\/01\/grafik-2-1024x335.png\" alt=\"\" class=\"wp-image-9096\" srcset=\"https:\/\/glaube.synology.me\/wordpress\/wp-content\/uploads\/2022\/01\/grafik-2-1024x335.png 1024w, https:\/\/glaube.synology.me\/wordpress\/wp-content\/uploads\/2022\/01\/grafik-2-300x98.png 300w, https:\/\/glaube.synology.me\/wordpress\/wp-content\/uploads\/2022\/01\/grafik-2-768x251.png 768w, https:\/\/glaube.synology.me\/wordpress\/wp-content\/uploads\/2022\/01\/grafik-2.png 1403w\" sizes=\"auto, (max-width: 1024px) 100vw, 1024px\" \/><\/figure>\n\n\n\n<p class=\"wp-block-paragraph\"><strong>\u201eWer sein Leben lieb hat, wird es verlieren.\u201c<\/strong> Das Wort, das hier mit Leben \u00fcbersetzt ist, wird gew\u00f6hnlich mit <strong>\u201eSeele\u201c<\/strong> \u00fcbersetzt. Es bezieht sich auf das <strong>\u201eseelische Leben\u201c<\/strong>, das den Mensch in seinem nat\u00fcrlichen gefallenen Zustand charakterisiert. Die Seele, im Unterschied zum Geist (<strong><em><mark style=\"background-color:rgba(0, 0, 0, 0);color:#26664f\" class=\"has-inline-color\">der der h\u00f6here Teil des Menschen ist und f\u00e4hig ist, ihn in eine einsichtsvolle Verbindung mit Gott zu bringen<\/mark><\/em><\/strong>), ist der Sitz unserer nat\u00fcrlichen W\u00fcnsche. Das <strong>\u201eseelische Leben\u201c<\/strong> ist das Leben des Genusses all der Dinge, die uns naturgem\u00e4\u00df ansprechen.<\/p>\n\n\n\n<p class=\"wp-block-paragraph\">Dieses <strong>\u201eseelische Leben\u201c<\/strong> wird ferner als <strong>\u201ein dieser Welt\u201c<\/strong> bezeichnet. Das Wort, das hier f\u00fcr <strong>\u201eWelt\u201c<\/strong> benutzt wird, ist <strong>\u201eKosmos\u201c<\/strong>. Gottes <strong>\u201eKosmos\u201c<\/strong> wurde durch die S\u00fcnde in Chaos verwandelt; und seitdem war der Teufel sehr darauf bedacht, sich durch gefallene Menschen seinen eigenen <strong>\u201eKosmos\u201c<\/strong> zu erschaffen. Die Ergebnisse davon sehen wir. Das <strong>\u201eLeben in dieser Welt\u201c<\/strong> ist nat\u00fcrlich das dieser Welt eigene Leben &#8211; das <strong>\u201eseelische Leben\u201c<\/strong> dieses <strong>\u201eKosmos\u201c<\/strong>. <\/p>\n\n\n\n<p class=\"wp-block-paragraph\">Was ist nun damit? Lieben wir es, oder hassen wir es? <\/p>\n\n\n\n<p class=\"wp-block-paragraph\">Sehen wir es als etwas an, an dem man teilnehmen muss, wonach man streben und was man sch\u00e4tzen und kultivieren sollte, oder als etwas, von dem man sich als von etwas Wertlosem abwenden sollte und was als ein willkommener Verlust erscheint, weil es uns abzieht von dem, was unendlich besser ist?<\/p>\n\n\n\n<p class=\"wp-block-paragraph\">Aber ich liebe das Leben dieser Welt! Ich m\u00f6chte nicht mit dieser Welt untergehen, aber ihr Leben ist sehr attraktiv. Ich werde mich bem\u00fchen, die schlechten Seiten zu vermeiden, dabei aber die angenehmen Dinge beibehalten. Spricht oder denkt jemand so? <strong><mark style=\"background-color:rgba(0, 0, 0, 0)\" class=\"has-inline-color has-vivid-red-color\">Also, wenn jemand so denkt, dann lasst ihn wissen, dass er alles verlieren wird.<\/mark><\/strong> Der Moment wird kommen, wenn nicht ein St\u00fcckchen von dem Leben \u00fcbrig bleibt. Verloren, verloren, VERLOREN, und nichts au\u00dfer einer schmerzhaften Leere bleibt \u00fcbrig. Was f\u00fcr eine Trag\u00f6die!<\/p>\n\n\n\n<p class=\"wp-block-paragraph\">Aber die Trag\u00f6die muss nicht sein, denn <strong>\u201ewer sein Leben in dieser Welt hasst, wird es zum ewigen Leben bewahren.\u201c<\/strong> Derjenige, der dem seelischen Leben dieser Welt den R\u00fccken zukehrt, weil er sich mit dem verworfenen Christus und seinem Tod identifiziert, wird sein Leben zum ewigen Leben bewahren. Hier haben wir ein anderes Wort f\u00fcr <strong>\u201eLeben\u201c<\/strong>, denn das <strong>\u201eewige Leben\u201c<\/strong> ist etwas viel h\u00f6heres. Eine Illustration dessen finden wir in Philipper 3, wo Paulus alle seine nat\u00fcrlichen Gaben aufz\u00e4hlt und dann zeigt, wie er sie um Christi willen f\u00fcr Verlust achtete. Christus wurde ihm so unendlich wichtig, dass er verglichen mit Christus alles andere hasste.<\/p>\n\n\n\n<p class=\"wp-block-paragraph\">Christus ist immer noch der Verworfene und wir sind an dem Ort Seines Todes als seine Nachfolger zur\u00fcckgelassen. Verbringen wir unsere Tage damit, dem Leben nachzujagen, das wir am Ende sicher verlieren werden, oder ergreifen wir das Leben, das bleibt und das allein wirkliches Leben ist? <\/p>\n\n\n\n<h6 class=\"has-white-color has-text-color has-background wp-block-heading\" id=\"gott-gebe-uns-gnade-diese-frage-richtig-zu-beantworten\" style=\"background-color:#643095\"><strong>Gott gebe uns Gnade diese Frage richtig zu beantworten.<\/strong><\/h6>\n\n\n\n<p class=\"wp-block-paragraph\">Und was ist dieses Leben, dieses wirkliche Leben? Kurz gesagt ist es ein Leben des <em>Dienstes<\/em>. Der n\u00e4chste Vers beginnt: \u201eWenn MIR jemand <em>dient<\/em>\u201c. Das Wort wird hier nicht in einem begrenzten oder eingeschr\u00e4nkten Sinn verwendet. Es meint nicht nur den Dienst in der Arbeit des Evangeliums oder in der Verk\u00fcndung des Wortes. Es umfasst das ganze christliche Leben. Es gibt sowohl den Dienst im Heiligtum, als auch den Dienst auf dem Feld. Einst waren wir gesetzlos, verfolgten unseren eigenen Willen. Jetzt sind wir einem Anderen unterworfen und bem\u00fchen uns, den Willen des Herrn in allen Dingen auszuf\u00fchren. Das ist wahres christliches Leben.<\/p>\n\n\n\n<p class=\"wp-block-paragraph\">F\u00fcr dieses Leben gibt es eine grundlegende Vorbedingung. Sie lautet: <strong>\u201eSo folge er mir nach.\u201c<\/strong> Nachfolge muss jedem Dienst vorangehen. Wenn wir dar\u00fcber einen Moment ruhig nachdenken, werden wir sehen, dass dies so sein <em>muss<\/em>. Wir <em>m\u00fcssen<\/em> seine Leitung akzeptieren und unter seiner F\u00fchrung stehen, wenn wir ihm dienen wollen. Eine Person mag ein absolut versierter Arbeiter in einem Gesch\u00e4ftsbereich sein, aber wenn er immer nur Dinge tut, von denen er selbst \u00fcberzeugt ist, und nicht den Anweisungen seines Abteilungsleiters folgt, dann wird er andauernd Durcheinander verursachen und ein sehr armer <em>Diener<\/em> sein.<\/p>\n\n\n\n<p class=\"wp-block-paragraph\">Wir m\u00fcssen Nachfolger Christi sein. Er ist der Sohn Gottes und w\u00fcrdig, v\u00f6llig \u00fcber uns zu verf\u00fcgen. Er ist der Verworfene und es ist unser gro\u00dfes Vorrecht, unter Seinem Befehl, Seiner F\u00fchrung, zu stehen und Ihm nachzufolgen. Dann wird unser ganzes Leben, und nicht nur ein bestimmter Bereich unseres Lebens, durch Dienst f\u00fcr Ihn gekennzeichnet sein.<\/p>\n\n\n\n<p class=\"wp-block-paragraph\">Lasst uns au\u00dferdem das wunderbare Ende sehen, zu dem sein Dienst f\u00fchrt: <strong>\u201eWo ich bin, da wird auch mein Diener sein.\u201c<\/strong> Wie au\u00dfergew\u00f6hnlich ist diese Vertrautheit zwischen Gebieter und Diener, diese Gemeinschaft an einem Ort. So etwas ist unter Menschen noch nie gesehen worden. Angenommen, dir w\u00fcrde die Ehre zuteil, im Schloss Windsor mit der K\u00f6nigin in ihren privaten Gem\u00e4chern zu sprechen, in dieser prachtvollen k\u00f6niglichen Residenz. Du wirst hineingef\u00fchrt und stehst schlie\u00dflich vor ihr. W\u00e4re es wahrscheinlich, dass du eine Bemerkung \u00fcber die Abwesenheit ihrer Diener machst? <\/p>\n\n\n\n<p class=\"wp-block-paragraph\">W\u00e4rst du versucht, zu sagen: \u201eAber Eure Majest\u00e4t, wo sind alle eure Diener? Sicherlich habt ihr einige Hundert an diesem pr\u00e4chtigen Ort.\u201c Das w\u00fcrdest du wohl kaum sagen. Aber wenn du es t\u00e4test, w\u00fcrde Ihre Majest\u00e4t daraufhin antworten: \u201eIch habe tats\u00e4chlich hunderte treuer M\u00e4nner und Frauen an diesem Ort, die mir dienen. Aber sie haben ihre eigenen hervorragenden Quartiere. Sie tun, was mir gef\u00e4llt, aber sie sind nicht <em>bei mir<\/em>.\u201c<\/p>\n\n\n\n<p class=\"wp-block-paragraph\">Wir sollen <em>bei<\/em> unserem Herrn und Meister sein, denn wir sind nicht nur seine Diener, sondern auch seine Freunde. Demjenigen, der Ihm wirklich dient, ist es erlaubt, Seine Gedanken zu teilen, Seine Geheimnisse zu kennen und in der Gegenwart Seiner Person zu sein. Der absolute H\u00f6hepunkt unserer Freude und des Segens in Ewigkeit wird sein, dass <strong>\u201ewir zusammen mit ihm leben\u201c<\/strong> (1. Thessalonicher 5:10).<\/p>\n\n\n\n<p class=\"wp-block-paragraph\">Und es gibt noch mehr als das, denn die n\u00e4chsten Worte lauten: <strong>\u201eWenn jemand mir dient, so wird der Vater ihn ehren<\/strong>.\u201c Welche Ehrung kann mit dieser verglichen werden?<\/p>\n\n\n\n<p class=\"wp-block-paragraph\">Wir wollen versuchen, uns diese Szene vorzustellen: Hier steht der verworfene Nazar\u00e4er. F\u00fcr einen Moment scheint es, als sei die Welt Ihm tats\u00e4chlich nachgefolgt. Doch Er wusste, dass sich im Verlauf einer Woche alles umkehren w\u00fcrde und die breite Masse nach Seiner Kreuzigung verlangen w\u00fcrde. Werden solche da sein, die sich Seiner F\u00fchrung anvertrauen und Seine Diener werden? Dann m\u00fcssen sie eine schlimme Zeit erwarten. Sie werden von dieser Welt keine Ehre empfangen, vielmehr wird gro\u00dfe Verachtung ihr Teil sein, wie es auch das Teil ihres Meisters war.<\/p>\n\n\n\n<p class=\"wp-block-paragraph\">Doch die Welt vergeht &#8211; ihre L\u00fcste und ihre Ehre &#8211; und auch ihre Verachtung. Der Moment wird kommen, wenn Gott Seine Diener belohnen wird. Der verworfene Nazar\u00e4er ist der m\u00e4chtige Sohn Gottes. Der Glaube bef\u00e4higt uns, dies zu erkennen und bewegt uns dazu, Ihm zu dienen. Der Vater w\u00fcrdigt den Dienst, der f\u00fcr seinen Sohn getan wird, und ganz besonders den Dienst, der f\u00fcr seinen Namen in den Tagen Seiner Verwerfung getan wurde.<\/p>\n\n\n\n<figure class=\"wp-block-image size-large\"><img loading=\"lazy\" decoding=\"async\" width=\"1024\" height=\"317\" src=\"https:\/\/glaube.synology.me\/wordpress\/wp-content\/uploads\/2022\/01\/grafik-1-1024x317.png\" alt=\"\" class=\"wp-image-9095\" srcset=\"https:\/\/glaube.synology.me\/wordpress\/wp-content\/uploads\/2022\/01\/grafik-1-1024x317.png 1024w, https:\/\/glaube.synology.me\/wordpress\/wp-content\/uploads\/2022\/01\/grafik-1-300x93.png 300w, https:\/\/glaube.synology.me\/wordpress\/wp-content\/uploads\/2022\/01\/grafik-1-768x238.png 768w, https:\/\/glaube.synology.me\/wordpress\/wp-content\/uploads\/2022\/01\/grafik-1.png 1513w\" sizes=\"auto, (max-width: 1024px) 100vw, 1024px\" \/><\/figure>\n\n\n\n<p class=\"wp-block-paragraph\">Ungef\u00e4hr vor 3000 Jahren wurde David Gottes K\u00f6nig in Israel und er hatte einige hingebungsvolle Diener. Doch es ist sehr offensichtlich, dass kein Dienst in seinen Augen so wertvoll war, wie der, der ihm von den mutigen M\u00e4nnern erbracht wurde, die ihm bei der Verfolgung durch Saul beistanden. Sie dienten ihm manchmal in sehr kleinen Dingen, aber das war der Dienst, den er so hoch belohnte, als er schlie\u00dflich das K\u00f6nigtum bekam. Diese hingebungsvollen Nachfolger Davids hassten ihr Leben im K\u00f6nigreich Sauls und verloren es. Aber in Wirklichkeit bewahrten sie ihr Leben bis zu der herrlichen Regierung seines Nachfolgers und wurden in Davids K\u00f6nigreich geehrt.<\/p>\n\n\n\n<p class=\"wp-block-paragraph\">Das ist jedoch nur das Vorbild. Es weist auf etwas hin, was weit befriedigender und bleibender ist. Der Tag wird kommen, an dem Gott der Vater diejenigen \u00f6ffentlich ehren wird, die seinem Sohn in den Tagen seiner Verwerfung gedient haben. Wie armselig ist im Vergleich dazu alle Ehre dieser Erde.<\/p>\n\n\n\n<p class=\"wp-block-paragraph\">Sch\u00e4tzen wir die Ehre, die allein von Gott kommt? <\/p>\n\n\n\n<p class=\"wp-block-paragraph\">Dann lasst uns den Weg w\u00e4hlen, auf dem wir sie erreichen &#8211; das Einsmachen mit Christus selbst.<\/p>\n\n\n\n<p class=\"wp-block-paragraph\">Herkunft: juengerschaft.org<\/p>\n\n\n\n<p class=\"wp-block-paragraph\"><\/p>\n","protected":false},"excerpt":{"rendered":"<div data-object_id=\"9084\" class=\"cbxwpbkmarkwrap cbxwpbkmarkwrap_guest cbxwpbkmarkwrap_user_cat cbxwpbkmarkwrap-post \"><a role=\"button\"  data-redirect-url=\"https:\/\/glaube.synology.me\/wordpress\/wp-json\/wp\/v2\/posts\/9084\"  data-display-label=\"1\" data-show-count=\"1\" data-bookmark-label=\"MERKEN\"  data-bookmarked-label=\"GEMERKT\"  data-loggedin=\"0\" data-type=\"post\" data-object_id=\"9084\" class=\"cbxwpbkmarktrig  cbxwpbkmarktrig-button-addto ld-ext-left\" title=\"Bookmark This\" href=\"#\"><span class=\"cbxwpbkmarktrig-icon\"><\/span><span class=\"ld ld-ring ld-spin\"><\/span><span class=\"cbxwpbkmarktrig-label\" >MERKEN (<i class=\"cbxwpbkmarktrig-count\">0<\/i>)<\/span><\/a> <div  data-type=\"post\" data-object_id=\"9084\" class=\"cbxwpbkmarkguestwrap\" id=\"cbxwpbkmarkguestwrap-9084\"><div class=\"cbxwpbkmarkguest-message\"><div class=\"cbxwpbkmarkguest-message-head\"><span class=\"cbxwpbkmarkguest-message-head-label\">Please login to bookmark<\/span><a class=\"cbxwpbkmarkguesttrig_close\" role=\"button\" title=\"Click to close bookmark panel\/modal\" href=\"#\" ><i class=\"cbx-icon\"><?xml version=\"1.0\" encoding=\"utf-8\"?>\n<svg xmlns=\"http:\/\/www.w3.org\/2000\/svg\" viewBox=\"0 0 24 24\" fill=\"none\" stroke=\"currentColor\" stroke-width=\"2\" stroke-linecap=\"round\" stroke-linejoin=\"round\"><line x1=\"18\" y1=\"6\" x2=\"6\" y2=\"18\"><\/line><line x1=\"6\" y1=\"6\" x2=\"18\" y2=\"18\"><\/line><\/svg><\/i><i class=\"sr-only\">Close<\/i><\/a><\/div><div class=\"cbxwpbkmarkguest-content\">\n<div class=\"cbx-chota\"><div class=\"container\"><div class=\"row\"><div class=\"col-12\"><div class=\"cbx-guest-wrap cbxwpbookmark-guest-wrap\"><div class=\"cbx-guest-login-wrap cbxwpbookmark-guest-login-wrap\"><form name=\"loginform\" id=\"loginform\" action=\"https:\/\/glaube.synology.me\/wordpress\/wp-login.php\" method=\"post\"><p class=\"login-username\">\n\t\t\t\t<label for=\"user_login\">Benutzername oder E-Mail-Adresse<\/label>\n\t\t\t\t<input type=\"text\" name=\"log\" id=\"user_login\" autocomplete=\"username\" class=\"input\" value=\"\" size=\"20\" \/>\n\t\t\t<\/p><p class=\"login-password\">\n\t\t\t\t<label for=\"user_pass\">Passwort<\/label>\n\t\t\t\t<input type=\"password\" name=\"pwd\" id=\"user_pass\" autocomplete=\"current-password\" spellcheck=\"false\" class=\"input\" value=\"\" size=\"20\" \/>\n\t\t\t<\/p><p class=\"login-remember\"><label><input name=\"rememberme\" type=\"checkbox\" id=\"rememberme\" value=\"forever\" \/> Angemeldet bleiben<\/label><\/p><p class=\"login-submit\">\n\t\t\t\t<input type=\"submit\" name=\"wp-submit\" id=\"wp-submit\" class=\"button button-primary\" value=\"Anmelden\" \/>\n\t\t\t\t<input type=\"hidden\" name=\"redirect_to\" value=\"https:\/\/glaube.synology.me\/wordpress\/wp-json\/wp\/v2\/posts\/9084\" \/>\n\t\t\t<\/p><\/form><\/div><\/div><\/div><\/div><\/div><\/div><\/div><\/div><\/div><\/div><p><span class=\"span-reading-time rt-reading-time\" style=\"display: block;\"><span class=\"rt-label rt-prefix\">Lesezeit:<\/span> <span class=\"rt-time\"> 7<\/span> <span class=\"rt-label rt-postfix\">Minuten<\/span><\/span>Doch die Welt vergeht &#8211; ihre L\u00fcste und ihre Ehre &#8211; und auch ihre Verachtung. Der Moment wird kommen, wenn Gott Seine Diener belohnen wird. <\/p>\n","protected":false},"author":1,"featured_media":9097,"comment_status":"open","ping_status":"closed","sticky":false,"template":"","format":"standard","meta":{"_crdt_document":"","pgc_sgb_lightbox_settings":"","_themeisle_gutenberg_block_has_review":false,"_kad_post_transparent":"","_kad_post_title":"","_kad_post_layout":"","_kad_post_sidebar_id":"","_kad_post_content_style":"","_kad_post_vertical_padding":"","_kad_post_feature":"","_kad_post_feature_position":"","_kad_post_header":false,"_kad_post_footer":false,"footnotes":""},"categories":[8],"tags":[2,51,41,88,24,201],"class_list":["post-9084","post","type-post","status-publish","format-standard","has-post-thumbnail","hentry","category-andachten","tag-jesus","tag-johannes","tag-lukas","tag-markus","tag-matthaeus","tag-thessalonicher"],"_links":{"self":[{"href":"https:\/\/glaube.synology.me\/wordpress\/wp-json\/wp\/v2\/posts\/9084","targetHints":{"allow":["GET"]}}],"collection":[{"href":"https:\/\/glaube.synology.me\/wordpress\/wp-json\/wp\/v2\/posts"}],"about":[{"href":"https:\/\/glaube.synology.me\/wordpress\/wp-json\/wp\/v2\/types\/post"}],"author":[{"embeddable":true,"href":"https:\/\/glaube.synology.me\/wordpress\/wp-json\/wp\/v2\/users\/1"}],"replies":[{"embeddable":true,"href":"https:\/\/glaube.synology.me\/wordpress\/wp-json\/wp\/v2\/comments?post=9084"}],"version-history":[{"count":0,"href":"https:\/\/glaube.synology.me\/wordpress\/wp-json\/wp\/v2\/posts\/9084\/revisions"}],"wp:featuredmedia":[{"embeddable":true,"href":"https:\/\/glaube.synology.me\/wordpress\/wp-json\/wp\/v2\/media\/9097"}],"wp:attachment":[{"href":"https:\/\/glaube.synology.me\/wordpress\/wp-json\/wp\/v2\/media?parent=9084"}],"wp:term":[{"taxonomy":"category","embeddable":true,"href":"https:\/\/glaube.synology.me\/wordpress\/wp-json\/wp\/v2\/categories?post=9084"},{"taxonomy":"post_tag","embeddable":true,"href":"https:\/\/glaube.synology.me\/wordpress\/wp-json\/wp\/v2\/tags?post=9084"}],"curies":[{"name":"wp","href":"https:\/\/api.w.org\/{rel}","templated":true}]}}